{"id":4787,"date":"2022-10-07T09:37:45","date_gmt":"2022-10-07T07:37:45","guid":{"rendered":"https:\/\/www.canoe-kayak-lavernede.com\/?p=4787"},"modified":"2022-10-07T09:39:30","modified_gmt":"2022-10-07T07:39:30","slug":"6-bonnes-raisons-de-decouvrir-lardeche","status":"publish","type":"post","link":"https:\/\/canoe-kayak-lavernede.com\/en\/6-bonnes-raisons-de-decouvrir-lardeche\/","title":{"rendered":"6 bonnes raisons de d\u00e9couvrir l\u2019Ard\u00e8che"},"content":{"rendered":"<p>[vc_row][vc_column][vc_single_image image=&#8221;1587&#8243; img_size=&#8221;full&#8221;][vc_column_text]<\/p>\n<p style=\"text-align: center;\"><span class=\"titre_1 titre_logo\" style=\"font-weight: 400;\">6 bonnes raisons de d\u00e9couvrir l\u2019Ard\u00e8che<\/span><\/p>\n<p>[\/vc_column_text][vc_separator][vc_column_text]<\/p>\n<h2><span class=\"titre_2\">Parce que vous ne connaissez pas l\u2019Ard\u00e8che (Et c&#8217;est dommage) !<\/span><\/h2>\n<p>[\/vc_column_text][vc_column_text]<span style=\"font-weight: 400;\">Vous connaissez l\u2019Ard\u00e8che, au moins de r\u00e9putation, mais <strong>vous n\u2019avez jamais eu l\u2019opportunit\u00e9 d\u2019y faire un s\u00e9jour\u00a0?<\/strong> C\u2019est un d\u00e9partement \u00e9tonnant. Sa r\u00e9putation de verdure, de calme et de simplicit\u00e9 n\u2019est pas usurp\u00e9e. C\u2019<\/span><span style=\"font-weight: 400;\">est aussi un lieu de culture, d&#8217;art, de patrimoine, de loisirs et de gastronomie.\u00a0<\/span><\/p>\n<p><span style=\"font-weight: 400;\">Vous partez en vacances ou en week-end, en famille, entre amis ou bien solitaire,<strong> ce d\u00e9partement vous offre une multitude de propositions .<\/strong> Alors venez d\u00e9couvrir (ou red\u00e9couvrir) l\u2019Ard\u00e8che.<\/span>[\/vc_column_text][\/vc_column][\/vc_row][vc_row][vc_column][vc_column_text]<span class=\"titre_2\">Vous aimez les sites naturels prot\u00e9g\u00e9s et le patrimoine fran\u00e7ais<\/span>[\/vc_column_text][vc_column_text]<span style=\"font-weight: 400;\"><strong>Porte d\u2019entr\u00e9e des Gorges\u00a0 de l\u2019Ard\u00e8che<\/strong>, <a href=\"https:\/\/fr.wikipedia.org\/wiki\/Vallon-Pont-d%27Arc\">Vallon-Pont-d\u2019Arc<\/a> fait partie des sites de l\u2019Ard\u00e8che qu\u2019il faut absolument visiter. Le Pont d\u2019Arc, arche min\u00e9rale de 54 m\u00e8tres, unique au monde, sous laquelle la rivi\u00e8re <strong>l\u2019Ard\u00e8che<\/strong> s\u2019\u00e9coule sur environ 30 kms, date d\u2019au moins 124\u00a0000 ans.<\/span>[\/vc_column_text][vc_single_image image=&#8221;4044&#8243; alignment=&#8221;center&#8221;][vc_column_text]<span style=\"font-weight: 400;\">De pittoresques villages vous permettront de d\u00e9couvrir la douceur de vivre ard\u00e9choise\u00a0: <a href=\"https:\/\/www.google.com\/search?q=labeaume&amp;sxsrf=ALiCzsZexAgCp8zxAwzN_ulSc-nhVKbn_w:1665126301757&amp;tbm=isch&amp;source=iu&amp;ictx=1&amp;vet=1&amp;fir=bfDjvGs5sWVVEM%252CDYBhzlIle4VE7M%252C%252Fm%252F03m8j9b&amp;usg=AI4_-kTAmomPAj4roZRpZfdXqy9y2pHoxA&amp;sa=X&amp;ved=2ahUKEwi1pOPtxs36AhXI4YUKHQBkAjMQ_B16BAhqEAE#imgrc=bfDjvGs5sWVVEM\" target=\"_blank\" rel=\"noopener\">Labeaume, ses jardins suspendus de R\u00e9amadoua et son plateau des Gras<\/a>\u00a0; Balazuc, <strong>un des plus beaux villages de France lab\u00e9lis\u00e9 \u00ab\u00a0village de caract\u00e8re\u00a0\u00bb<\/strong> aux allures sarrasines\u00a0; Aubenas\u00a0; le mont Gerbier\u00a0 de Jonc; la cascade du Ray Pic\u00a0;<a href=\"https:\/\/canoe-kayak-lavernede.com\/via-ferrata-du-pot-du-diable\/\"><strong> le Pont du Diable<\/strong><\/a>\u00a0; la <a href=\"https:\/\/www.grottechauvet2ardeche.com\/?gclid=Cj0KCQjwnP-ZBhDiARIsAH3FSRdX5J45avj_HhwRqD0HdfY901GydMD7UQ_eN8TprwlUxT-dmS0tLlwaAs9uEALw_wcB&amp;gclsrc=aw.ds\"><strong>grotte Chauvet<\/strong><\/a>\u2026.<strong> Tout le d\u00e9partement offre des sites et des monuments surprenants \u00e0 d\u00e9couvrir.<\/strong><\/span><\/p>\n<p><span style=\"font-weight: 400;\">Le tout dans un \u00e9crin naturel\u00a0: une faune et une flore exceptionnellement riches. Pr\u00e8s d\u2019un millier d\u2019esp\u00e8ces v\u00e9g\u00e9tales y sont recens\u00e9es et on peut y croiser des esp\u00e8ces animales prot\u00e9g\u00e9es comme l\u2019aigle de Bonelli, le faucon Pellerin ou bien le castor d\u2019Europe.<\/span>[\/vc_column_text][\/vc_column][\/vc_row][vc_row][vc_column][vc_column_text]<span class=\"titre_2\">L\u2019Ard\u00e8che se visite \u00e0 tous les moments de l\u2019ann\u00e9e<\/span>[\/vc_column_text][vc_column_text]<span style=\"font-weight: 400;\">Si les mois d\u2019avril \u00e0 octobre sont les plus favorables au tourisme (le niveau de l\u2019eau est propice \u00e0 un effort physique moindre pour le cano\u00eb-kayak), vous serez toujours ravis de profiter des loisirs et activit\u00e9s que l\u2019on peut faire tout au long de l\u2019ann\u00e9e.<\/span><\/p>\n<p><span style=\"font-weight: 400;\">En automne comme en hiver, venez d\u00e9nicher les produits du terroir, les vignobles de l\u2019Ard\u00e8che et sa gastronomie. De belles randonn\u00e9es s\u2019offrent \u00e0 ceux qui aiment les paysages, les spots sauvages ou la garrigue, et il est tr\u00e8s agr\u00e9able de rentrer se r\u00e9chauffer autour d\u2019un bon feu. <\/span>[\/vc_column_text][\/vc_column][\/vc_row][vc_row][vc_column][vc_column_text]<span class=\"titre_2\">Des plages superbes \u2600\ufe0f<\/span>[\/vc_column_text][vc_column_text]<span style=\"font-weight: 400;\"><strong>Vous venez en Ard\u00e8che pour profiter de sa rivi\u00e8re<\/strong> ? de nombreuses plages bien entretenues et de tailles variables sont l\u00e0 pour vous accueillir. D\u00e9jeuner, bronzer, faire une halte en cano\u00eb, vous aurez l\u2019embarras du choix lors de sa descente.\u00a0<\/span><\/p>\n<p><span style=\"font-weight: 400;\">Vous choisissez de partir pour une demi-journ\u00e9e ou bien durant deux jours\u2009? <strong><a href=\"https:\/\/canoe-kayak-lavernede.com\/descente-gorges-ardeche\/\">Des circuits cano\u00eb de 8, 12, 24 ou m\u00eame 32 kilom\u00e8tres<\/a><\/strong> pour les plus t\u00e9m\u00e9raires vous permettront de d\u00e9couvrir ces recoins isol\u00e9s ou plus familiaux, ou m\u00eame de bivouaquer \u00e0 la belle \u00e9toile pour ceux qui d\u00e9sirent vivre une aventure plus pouss\u00e9e.<\/span>[\/vc_column_text][vc_single_image image=&#8221;3351&#8243; alignment=&#8221;center&#8221;][\/vc_column][\/vc_row][vc_row][vc_column][vc_column_text]<span class=\"titre_2\">Pour les inconditionnels de l\u2019\u00e9cotourisme \ud83c\udf33<\/span>[\/vc_column_text][vc_column_text]<span style=\"font-weight: 400;\"><strong>L\u2019Ard\u00e8che constitue une destination idoine pour un s\u00e9jour au vert<\/strong>. Elle vous offre de multiples paysages et des moyens d\u2019h\u00e9bergement qui respectent l\u2019environnement. <a href=\"https:\/\/www.ardeche-guide.com\/hebergement\/insolites\" target=\"_blank\" rel=\"noopener\">Des h\u00e9bergements alternatifs<\/a>\u00a0: bivouacs, g\u00eetes, cabanes, campings, mais \u00e9galement des chambres d\u2019h\u00f4tes typiques dans des sites \u00e9colos, qui vous donnent l&#8217;occasion de dormir au plus pr\u00e8s des \u00e9l\u00e9ments.\u00a0<\/span><\/p>\n<p><strong>Un s\u00e9jour vert, \u00e9co trendy, reposant, qui satisfait tous les budgets.<\/strong>[\/vc_column_text][\/vc_column][\/vc_row][vc_row][vc_column][vc_column_text]<span class=\"titre_2\">L\u2019Ard\u00e8che, destination sportive incontournable \ud83c\udfbd<\/span>[\/vc_column_text][vc_column_text]<span style=\"font-weight: 400;\">Si l\u2019Ard\u00e8che est un lieu de vill\u00e9giature r\u00e9put\u00e9, elle le doit surtout pour le nombre d\u2019activit\u00e9s qu\u2019elle y a d\u00e9velopp\u00e9es.\u00a0<\/span><\/p>\n<p><span style=\"font-weight: 400;\">Si le<strong> cano\u00eb-kayak<\/strong> en est son point d\u2019orgue\u00a0: les gorges de l\u2019Ard\u00e8che, la descente de Vallon-Pont-d\u2019Arc\u2026), vous pouvez \u00e9galement d\u00e9couvrir les nombreuses possibilit\u00e9s qui s\u2019offrent aux amoureux de la <a href=\"https:\/\/canoe-kayak-lavernede.com\/autres-activites-nature\/speleologie\/\">sp\u00e9l\u00e9ologie<\/a> (Saint-Rem\u00e8ze, Orgnac l\u2019Av\u00e8ne, Aubenas-Val\u2026). Les sentiers et GR sont favorables \u00e0 la marche, au trail, et \u00e0 la randonn\u00e9e (ou m\u00eame \u00e0 la marche nordique), au v\u00e9lo (VTT et cyclotourisme), \u00e0 l\u2019escalade, via-ferrata, via-corda. <\/span>[\/vc_column_text][vc_single_image image=&#8221;1606&#8243; alignment=&#8221;center&#8221;][\/vc_column][\/vc_row]<\/p>\n","protected":false},"excerpt":{"rendered":"<p>Il existe de nooombreuses raisons d&#8217;aimer l&#8217;Ard\u00e8che ! D\u00e9couvrez nos 6 raisons favorites ! \ud83d\ude42<\/p>\n","protected":false},"author":5,"featured_media":4798,"comment_status":"closed","ping_status":"closed","sticky":false,"template":"","format":"standard","meta":{"footnotes":""},"categories":[7],"tags":[],"class_list":{"0":"post-4787","1":"post","2":"type-post","3":"status-publish","4":"format-standard","5":"has-post-thumbnail","7":"category-actualites"},"yoast_head":"<!-- This site is optimized with the Yoast SEO plugin v24.3 - https:\/\/yoast.com\/wordpress\/plugins\/seo\/ -->\n<title>6 bonnes raisons de d\u00e9couvrir l\u2019Ard\u00e8che - LA VERNEDE<\/title>\n<meta name=\"description\" content=\"Vous connaissez cette r\u00e9gion mais vous n\u2019avez jamais eu l\u2019opportunit\u00e9 d\u2019y faire un s\u00e9jour ? D\u00e9couvrez 6 bonnes raisons de d\u00e9couvrir l&#039;Ard\u00e8che.\" \/>\n<meta name=\"robots\" content=\"index, follow, max-snippet:-1, max-image-preview:large, max-video-preview:-1\" \/>\n<link rel=\"canonical\" href=\"https:\/\/canoe-kayak-lavernede.com\/6-bonnes-raisons-de-decouvrir-lardeche\/\" \/>\n<meta property=\"og:locale\" content=\"en_US\" \/>\n<meta property=\"og:type\" content=\"article\" \/>\n<meta property=\"og:title\" content=\"6 bonnes raisons de d\u00e9couvrir l\u2019Ard\u00e8che - LA VERNEDE\" \/>\n<meta property=\"og:description\" content=\"Vous connaissez cette r\u00e9gion mais vous n\u2019avez jamais eu l\u2019opportunit\u00e9 d\u2019y faire un s\u00e9jour ? D\u00e9couvrez 6 bonnes raisons de d\u00e9couvrir l&#039;Ard\u00e8che.\" \/>\n<meta property=\"og:url\" content=\"https:\/\/canoe-kayak-lavernede.com\/6-bonnes-raisons-de-decouvrir-lardeche\/\" \/>\n<meta property=\"og:site_name\" content=\"LA VERNEDE\" \/>\n<meta property=\"article:published_time\" content=\"2022-10-07T07:37:45+00:00\" \/>\n<meta property=\"article:modified_time\" content=\"2022-10-07T07:39:30+00:00\" \/>\n<meta property=\"og:image\" content=\"https:\/\/canoe-kayak-lavernede.com\/wp-content\/uploads\/2022\/10\/Vue-des-gorges-380x380-1.png\" \/>\n\t<meta property=\"og:image:width\" content=\"380\" \/>\n\t<meta property=\"og:image:height\" content=\"380\" \/>\n\t<meta property=\"og:image:type\" content=\"image\/png\" \/>\n<meta name=\"author\" content=\"Philippe\" \/>\n<meta name=\"twitter:card\" content=\"summary_large_image\" \/>\n<meta name=\"twitter:label1\" content=\"Written by\" \/>\n\t<meta name=\"twitter:data1\" content=\"Philippe\" \/>\n\t<meta name=\"twitter:label2\" content=\"Est. reading time\" \/>\n\t<meta name=\"twitter:data2\" content=\"4 minutes\" \/>\n<script type=\"application\/ld+json\" class=\"yoast-schema-graph\">{\"@context\":\"https:\/\/schema.org\",\"@graph\":[{\"@type\":\"WebPage\",\"@id\":\"https:\/\/canoe-kayak-lavernede.com\/6-bonnes-raisons-de-decouvrir-lardeche\/\",\"url\":\"https:\/\/canoe-kayak-lavernede.com\/6-bonnes-raisons-de-decouvrir-lardeche\/\",\"name\":\"6 bonnes raisons de d\u00e9couvrir l\u2019Ard\u00e8che - LA VERNEDE\",\"isPartOf\":{\"@id\":\"https:\/\/canoe-kayak-lavernede.com\/#website\"},\"primaryImageOfPage\":{\"@id\":\"https:\/\/canoe-kayak-lavernede.com\/6-bonnes-raisons-de-decouvrir-lardeche\/#primaryimage\"},\"image\":{\"@id\":\"https:\/\/canoe-kayak-lavernede.com\/6-bonnes-raisons-de-decouvrir-lardeche\/#primaryimage\"},\"thumbnailUrl\":\"https:\/\/canoe-kayak-lavernede.com\/wp-content\/uploads\/2022\/10\/Vue-des-gorges-380x380-1.png\",\"datePublished\":\"2022-10-07T07:37:45+00:00\",\"dateModified\":\"2022-10-07T07:39:30+00:00\",\"author\":{\"@id\":\"https:\/\/canoe-kayak-lavernede.com\/#\/schema\/person\/95f779cb7c6f0a87be097d3307df82e9\"},\"description\":\"Vous connaissez cette r\u00e9gion mais vous n\u2019avez jamais eu l\u2019opportunit\u00e9 d\u2019y faire un s\u00e9jour ? D\u00e9couvrez 6 bonnes raisons de d\u00e9couvrir l'Ard\u00e8che.\",\"breadcrumb\":{\"@id\":\"https:\/\/canoe-kayak-lavernede.com\/6-bonnes-raisons-de-decouvrir-lardeche\/#breadcrumb\"},\"inLanguage\":\"en-US\",\"potentialAction\":[{\"@type\":\"ReadAction\",\"target\":[\"https:\/\/canoe-kayak-lavernede.com\/6-bonnes-raisons-de-decouvrir-lardeche\/\"]}]},{\"@type\":\"ImageObject\",\"inLanguage\":\"en-US\",\"@id\":\"https:\/\/canoe-kayak-lavernede.com\/6-bonnes-raisons-de-decouvrir-lardeche\/#primaryimage\",\"url\":\"https:\/\/canoe-kayak-lavernede.com\/wp-content\/uploads\/2022\/10\/Vue-des-gorges-380x380-1.png\",\"contentUrl\":\"https:\/\/canoe-kayak-lavernede.com\/wp-content\/uploads\/2022\/10\/Vue-des-gorges-380x380-1.png\",\"width\":380,\"height\":380},{\"@type\":\"BreadcrumbList\",\"@id\":\"https:\/\/canoe-kayak-lavernede.com\/6-bonnes-raisons-de-decouvrir-lardeche\/#breadcrumb\",\"itemListElement\":[{\"@type\":\"ListItem\",\"position\":1,\"name\":\"Accueil\",\"item\":\"https:\/\/canoe-kayak-lavernede.com\/en\/\"},{\"@type\":\"ListItem\",\"position\":2,\"name\":\"Actualites\",\"item\":\"https:\/\/canoe-kayak-lavernede.com\/actualites\/\"},{\"@type\":\"ListItem\",\"position\":3,\"name\":\"6 bonnes raisons de d\u00e9couvrir l\u2019Ard\u00e8che\"}]},{\"@type\":\"WebSite\",\"@id\":\"https:\/\/canoe-kayak-lavernede.com\/#website\",\"url\":\"https:\/\/canoe-kayak-lavernede.com\/\",\"name\":\"LA VERNEDE\",\"description\":\"\",\"potentialAction\":[{\"@type\":\"SearchAction\",\"target\":{\"@type\":\"EntryPoint\",\"urlTemplate\":\"https:\/\/canoe-kayak-lavernede.com\/?s={search_term_string}\"},\"query-input\":{\"@type\":\"PropertyValueSpecification\",\"valueRequired\":true,\"valueName\":\"search_term_string\"}}],\"inLanguage\":\"en-US\"},{\"@type\":\"Person\",\"@id\":\"https:\/\/canoe-kayak-lavernede.com\/#\/schema\/person\/95f779cb7c6f0a87be097d3307df82e9\",\"name\":\"Philippe\"}]}<\/script>\n<!-- \/ Yoast SEO plugin. -->","yoast_head_json":{"title":"6 bonnes raisons de d\u00e9couvrir l\u2019Ard\u00e8che - LA VERNEDE","description":"Vous connaissez cette r\u00e9gion mais vous n\u2019avez jamais eu l\u2019opportunit\u00e9 d\u2019y faire un s\u00e9jour ? D\u00e9couvrez 6 bonnes raisons de d\u00e9couvrir l'Ard\u00e8che.","robots":{"index":"index","follow":"follow","max-snippet":"max-snippet:-1","max-image-preview":"max-image-preview:large","max-video-preview":"max-video-preview:-1"},"canonical":"https:\/\/canoe-kayak-lavernede.com\/6-bonnes-raisons-de-decouvrir-lardeche\/","og_locale":"en_US","og_type":"article","og_title":"6 bonnes raisons de d\u00e9couvrir l\u2019Ard\u00e8che - LA VERNEDE","og_description":"Vous connaissez cette r\u00e9gion mais vous n\u2019avez jamais eu l\u2019opportunit\u00e9 d\u2019y faire un s\u00e9jour ? D\u00e9couvrez 6 bonnes raisons de d\u00e9couvrir l'Ard\u00e8che.","og_url":"https:\/\/canoe-kayak-lavernede.com\/6-bonnes-raisons-de-decouvrir-lardeche\/","og_site_name":"LA VERNEDE","article_published_time":"2022-10-07T07:37:45+00:00","article_modified_time":"2022-10-07T07:39:30+00:00","og_image":[{"width":380,"height":380,"url":"https:\/\/canoe-kayak-lavernede.com\/wp-content\/uploads\/2022\/10\/Vue-des-gorges-380x380-1.png","type":"image\/png"}],"author":"Philippe","twitter_card":"summary_large_image","twitter_misc":{"Written by":"Philippe","Est. reading time":"4 minutes"},"schema":{"@context":"https:\/\/schema.org","@graph":[{"@type":"WebPage","@id":"https:\/\/canoe-kayak-lavernede.com\/6-bonnes-raisons-de-decouvrir-lardeche\/","url":"https:\/\/canoe-kayak-lavernede.com\/6-bonnes-raisons-de-decouvrir-lardeche\/","name":"6 bonnes raisons de d\u00e9couvrir l\u2019Ard\u00e8che - LA VERNEDE","isPartOf":{"@id":"https:\/\/canoe-kayak-lavernede.com\/#website"},"primaryImageOfPage":{"@id":"https:\/\/canoe-kayak-lavernede.com\/6-bonnes-raisons-de-decouvrir-lardeche\/#primaryimage"},"image":{"@id":"https:\/\/canoe-kayak-lavernede.com\/6-bonnes-raisons-de-decouvrir-lardeche\/#primaryimage"},"thumbnailUrl":"https:\/\/canoe-kayak-lavernede.com\/wp-content\/uploads\/2022\/10\/Vue-des-gorges-380x380-1.png","datePublished":"2022-10-07T07:37:45+00:00","dateModified":"2022-10-07T07:39:30+00:00","author":{"@id":"https:\/\/canoe-kayak-lavernede.com\/#\/schema\/person\/95f779cb7c6f0a87be097d3307df82e9"},"description":"Vous connaissez cette r\u00e9gion mais vous n\u2019avez jamais eu l\u2019opportunit\u00e9 d\u2019y faire un s\u00e9jour ? D\u00e9couvrez 6 bonnes raisons de d\u00e9couvrir l'Ard\u00e8che.","breadcrumb":{"@id":"https:\/\/canoe-kayak-lavernede.com\/6-bonnes-raisons-de-decouvrir-lardeche\/#breadcrumb"},"inLanguage":"en-US","potentialAction":[{"@type":"ReadAction","target":["https:\/\/canoe-kayak-lavernede.com\/6-bonnes-raisons-de-decouvrir-lardeche\/"]}]},{"@type":"ImageObject","inLanguage":"en-US","@id":"https:\/\/canoe-kayak-lavernede.com\/6-bonnes-raisons-de-decouvrir-lardeche\/#primaryimage","url":"https:\/\/canoe-kayak-lavernede.com\/wp-content\/uploads\/2022\/10\/Vue-des-gorges-380x380-1.png","contentUrl":"https:\/\/canoe-kayak-lavernede.com\/wp-content\/uploads\/2022\/10\/Vue-des-gorges-380x380-1.png","width":380,"height":380},{"@type":"BreadcrumbList","@id":"https:\/\/canoe-kayak-lavernede.com\/6-bonnes-raisons-de-decouvrir-lardeche\/#breadcrumb","itemListElement":[{"@type":"ListItem","position":1,"name":"Accueil","item":"https:\/\/canoe-kayak-lavernede.com\/en\/"},{"@type":"ListItem","position":2,"name":"Actualites","item":"https:\/\/canoe-kayak-lavernede.com\/actualites\/"},{"@type":"ListItem","position":3,"name":"6 bonnes raisons de d\u00e9couvrir l\u2019Ard\u00e8che"}]},{"@type":"WebSite","@id":"https:\/\/canoe-kayak-lavernede.com\/#website","url":"https:\/\/canoe-kayak-lavernede.com\/","name":"LA VERNEDE","description":"","potentialAction":[{"@type":"SearchAction","target":{"@type":"EntryPoint","urlTemplate":"https:\/\/canoe-kayak-lavernede.com\/?s={search_term_string}"},"query-input":{"@type":"PropertyValueSpecification","valueRequired":true,"valueName":"search_term_string"}}],"inLanguage":"en-US"},{"@type":"Person","@id":"https:\/\/canoe-kayak-lavernede.com\/#\/schema\/person\/95f779cb7c6f0a87be097d3307df82e9","name":"Philippe"}]}},"_links":{"self":[{"href":"https:\/\/canoe-kayak-lavernede.com\/en\/wp-json\/wp\/v2\/posts\/4787"}],"collection":[{"href":"https:\/\/canoe-kayak-lavernede.com\/en\/wp-json\/wp\/v2\/posts"}],"about":[{"href":"https:\/\/canoe-kayak-lavernede.com\/en\/wp-json\/wp\/v2\/types\/post"}],"author":[{"embeddable":true,"href":"https:\/\/canoe-kayak-lavernede.com\/en\/wp-json\/wp\/v2\/users\/5"}],"replies":[{"embeddable":true,"href":"https:\/\/canoe-kayak-lavernede.com\/en\/wp-json\/wp\/v2\/comments?post=4787"}],"version-history":[{"count":3,"href":"https:\/\/canoe-kayak-lavernede.com\/en\/wp-json\/wp\/v2\/posts\/4787\/revisions"}],"predecessor-version":[{"id":4804,"href":"https:\/\/canoe-kayak-lavernede.com\/en\/wp-json\/wp\/v2\/posts\/4787\/revisions\/4804"}],"wp:featuredmedia":[{"embeddable":true,"href":"https:\/\/canoe-kayak-lavernede.com\/en\/wp-json\/wp\/v2\/media\/4798"}],"wp:attachment":[{"href":"https:\/\/canoe-kayak-lavernede.com\/en\/wp-json\/wp\/v2\/media?parent=4787"}],"wp:term":[{"taxonomy":"category","embeddable":true,"href":"https:\/\/canoe-kayak-lavernede.com\/en\/wp-json\/wp\/v2\/categories?post=4787"},{"taxonomy":"post_tag","embeddable":true,"href":"https:\/\/canoe-kayak-lavernede.com\/en\/wp-json\/wp\/v2\/tags?post=4787"}],"curies":[{"name":"wp","href":"https:\/\/api.w.org\/{rel}","templated":true}]}}