{"id":3706,"date":"2022-04-15T16:48:53","date_gmt":"2022-04-15T14:48:53","guid":{"rendered":"https:\/\/www.canoe-kayak-lavernede.com\/?p=3706"},"modified":"2022-04-20T09:38:40","modified_gmt":"2022-04-20T07:38:40","slug":"lardeche-en-van-lieux-immanquables","status":"publish","type":"post","link":"https:\/\/canoe-kayak-lavernede.com\/en\/lardeche-en-van-lieux-immanquables\/","title":{"rendered":"Silloner l\u2019Ard\u00e8che en van : les lieux immanquables pour un voyage m\u00e9morable"},"content":{"rendered":"<p>[vc_row][vc_column]<div class=\"templatera_shortcode\"><div id=\"breadcrumb\" data-vc-full-width=\"true\" data-vc-full-width-init=\"false\" class=\"vc_row wpb_row vc_row-fluid\"><div class=\"wpb_column vc_column_container vc_col-sm-12\"><div class=\"vc_column-inner\"><div class=\"wpb_wrapper\">\n\t<div class=\"wpb_text_column wpb_content_element \" >\n\t\t<div class=\"wpb_wrapper\">\n\t\t\t<span><span><a href=\"https:\/\/canoe-kayak-lavernede.com\/en\/\">Accueil<\/a><\/span><\/span>\n\n\t\t<\/div>\n\t<\/div>\n<\/div><\/div><\/div><\/div><div class=\"vc_row-full-width vc_clearfix\"><\/div><\/div>[\/vc_column][\/vc_row][vc_row][vc_column][vc_column_text]<\/p>\n<h1><span class=\"titre_1 titre_logo\"><strong>Silloner l\u2019Ard\u00e8che en van : les lieux immanquables pour un voyage m\u00e9morable<\/strong><\/span><\/h1>\n<p>L\u2019interminable\u00a0p\u00e9riode de confinements, d\u2019isolements et de quarantaines dont nous sortons a ouvert de <strong>nouveaux horizons<\/strong>\u00a0\u00e0 de nombreux fran\u00e7ais amoureux du voyage. En effet, quitte \u00e0 ne pas pouvoir partir\u00a0\u00e0 l\u2019\u00e9tranger, pourquoi ne pas s\u2019int\u00e9resser \u00e0\u00a0la beaut\u00e9 de nos contr\u00e9es fran\u00e7aises ? Le van s\u2019est rapidement distingu\u00e9 comme le v\u00e9hicule parfait pour partir <strong>\u00e0 la d\u00e9couverte de nos plus belles r\u00e9gions.<\/strong> Acheter un van d\u00e9j\u00e0 am\u00e9nag\u00e9, le personnaliser \u00e0 votre image\u00a0ou simplement le louer pour la dur\u00e9e des vacances, tout est possible. Avec ses villages \u00e0 flanc de falaise, ses gorges majestueuses et ses grottes souterraines impressionnantes, l\u2019Ard\u00e8che est la destination toute trouv\u00e9e pour un <strong>voyage en van inoubliable<\/strong> !<\/p>\n<h2><span class=\"titre_2\">1.<strong>Le cirque de Gens : une vue \u00e0 couper le souffle<\/strong><\/span><\/h2>\n<p>Le Cirque de Gens est un site naturel sculpt\u00e9 dans les falaises calcaires depuis des millions d&#8217;ann\u00e9es par la rivi\u00e8re Ard\u00e8che. Tout est r\u00e9uni pour en faire un lieu magnifique : la rivi\u00e8re sinueuse de l&#8217;Ard\u00e8che, les falaises vertigineuses, la v\u00e9g\u00e9tation luxuriante&#8230; Arr\u00eatez-vous \u00e0 proximit\u00e9 de cet <strong>\u00e9crin de nature et de s\u00e9r\u00e9nit\u00e9<\/strong> pour admirer chaque matin ce panorama grandiose, une tasse de caf\u00e9 bien chaud \u00e0 la main. Sortez votre baudrier pour partir \u00e0 la conqu\u00eate de l\u2019une des 320 voies d\u2019escalade que compte le site, baladez vous le long des falaises ou profitez d\u2019une des plages de sable fin au c\u0153ur du cirque pour un moment de d\u00e9tente.[\/vc_column_text][vc_empty_space][\/vc_column][\/vc_row][vc_row][vc_column][vc_column_text]<\/p>\n<h2><span class=\"titre_2\">2.<strong>Moment d\u2019\u00e9vasion dans les Gorges de l\u2019Ard\u00e8che<\/strong><\/span><\/h2>\n<p>Espace naturel prot\u00e9g\u00e9 inscrit au <strong>Patrimoine mondial de l\u2019Unesco<\/strong>, les gorges de l\u2019Ard\u00e8che attirent chaque ann\u00e9e des visiteurs venus des quatre coins de la France. Le panorama grandiose qu\u2019elles offrent avec leurs superbes belv\u00e9d\u00e8res et bien sur l\u2019impressionnant Pont d\u2019arc en font un <strong>lieu incontournable<\/strong> \u00e0 visiter lors d\u2019une excursion\u00a0en Ard\u00e8che. Les gorges de l\u2019Ard\u00e8che sont avant tout c\u00e9l\u00e8bres pour les\u00a0<strong><a href=\"https:\/\/canoe-kayak-lavernede.com\/descente-gorges-ardeche\/\">descentes en cano\u00eb-kayak<\/a> de Vallon Pont d\u2019arc<\/strong> qui vous permettent d\u2019admirer la beaut\u00e9 de ce paysage unique\u00a0au fil de l\u2019eau. Embarquez \u00e0 bord de votre van direction l&#8217;Ard\u00e8che pour \u00eatre pr\u00eats \u00e0 l\u2019aventure d\u00e8s votre arriv\u00e9e ! La Vern\u00e8de vous propose de nombreuses activit\u00e9s \u00e0 r\u00e9aliser \u00e0 proximit\u00e9 des gorges en compl\u00e9ment d\u2019une descente des gorges de l\u2019Ard\u00e8che en cano\u00eb : accrobranche, sp\u00e9l\u00e9ologie, canyoning, escalade&#8230;\u00a0et plus encore ![\/vc_column_text][vc_empty_space][\/vc_column][\/vc_row][vc_row][vc_column][vc_column_text]<\/p>\n<h2><span class=\"titre_2\">3.<strong>Les charmants villages des falaises ard\u00e9choises<\/strong><\/span><\/h2>\n<p>Certains des villages les plus pittoresques de France se trouvent en Ard\u00e8che. En empruntant avec votre van la route D 579 et en suivant la rivi\u00e8re, vous pourrez poser vos yeux \u00e9merveill\u00e9s sur\u00a0les plus c\u00e9l\u00e8bres d&#8217;entre eux. Vog\u00fc\u00e9, class\u00e9 parmi les plus beaux villages de France, jouit non seulement d\u2019un <strong>cadre idyllique<\/strong> mais aussi d\u2019un riche pass\u00e9 historique. Ses maisons m\u00e9di\u00e9vales et son ch\u00e2teau du 12<sup>\u00e8me <\/sup>si\u00e8cle ne manqueront pas de vous captiver. Poursuivez votre route au sud pour d\u00e9couvrir le village de Balazuc, accroch\u00e9 \u00e0 la falaise et dot\u00e9 d\u2019une ambiance unique. Labeaume et Ruoms\u00a0finiront de vous charmer avec le <strong>panorama d\u2019exception<\/strong> qui les entoure.[\/vc_column_text][vc_empty_space][\/vc_column][\/vc_row][vc_row][vc_column][vc_column_text]<\/p>\n<h2><span class=\"titre_2\">4.<strong>Grottes souterraines et cavernes pr\u00e9historiques<\/strong><\/span><\/h2>\n<p>Les grottes de l&#8217;Ard\u00e8che sont un lieu d\u2019exception pour les amateurs de sp\u00e9l\u00e9ologie, de pr\u00e9histoire et de g\u00e9ologie. Etablissez votre van \u00e0 proximit\u00e9 de l\u2019une des nombreuses grottes ard\u00e9choises qui valent le d\u00e9tour <strong>: Grotte de la Madeleine<\/strong>, <strong>grotte de Chauvet<\/strong>, ou encore l\u2019<strong>Aven d\u2019Orgnac<\/strong>&#8230;<br \/>\nCes lieux naturels extraordinaires vous \u00e9tonneront par leur <strong>beaut\u00e9 mill\u00e9naire<\/strong>, leur histoire et les nombreuses activit\u00e9s qu&#8217;ils proposent aux visiteurs.\u00a0Elles sont souvent situ\u00e9es \u00e0 c\u00f4t\u00e9 d&#8217;un mus\u00e9e ou d&#8217;un espace d&#8217;exposition, ce qui vous permet d&#8217;en savoir plus sur ces lieux historiques fascinants.[\/vc_column_text][\/vc_column][\/vc_row][vc_row][vc_column][vc_empty_space][\/vc_column][\/vc_row]<\/p>\n","protected":false},"excerpt":{"rendered":"<p>Et si vous partiez \u00e0 la d\u00e9couverte de l&#8217;Ard\u00e8che autrement ? Sillonnez les routes et visitez des coins et recoins cach\u00e9s de ce d\u00e9partement magnifique en van ! <\/p>\n","protected":false},"author":5,"featured_media":780,"comment_status":"closed","ping_status":"closed","sticky":false,"template":"","format":"standard","meta":{"footnotes":""},"categories":[7],"tags":[],"class_list":{"0":"post-3706","1":"post","2":"type-post","3":"status-publish","4":"format-standard","5":"has-post-thumbnail","7":"category-actualites"},"yoast_head":"<!-- This site is optimized with the Yoast SEO plugin v24.3 - https:\/\/yoast.com\/wordpress\/plugins\/seo\/ -->\n<title>Les meilleurs coins \u00e0 visiter pour d\u00e9couvrir l\u2019Ard\u00e8che en van - La Vern\u00e8de<\/title>\n<meta name=\"description\" content=\"Pr\u00eats \u00e0 partir sillonner les routes \u00e0 la d\u00e9couverte de l&#039;Ard\u00e8che ? La Vern\u00e8de vous propose des id\u00e9es de coins et recoins cach\u00e9s \u00e0 visiter.\" \/>\n<meta name=\"robots\" content=\"index, follow, max-snippet:-1, max-image-preview:large, max-video-preview:-1\" \/>\n<link rel=\"canonical\" href=\"https:\/\/canoe-kayak-lavernede.com\/lardeche-en-van-lieux-immanquables\/\" \/>\n<meta property=\"og:locale\" content=\"en_US\" \/>\n<meta property=\"og:type\" content=\"article\" \/>\n<meta property=\"og:title\" content=\"Les meilleurs coins \u00e0 visiter pour d\u00e9couvrir l\u2019Ard\u00e8che en van - La Vern\u00e8de\" \/>\n<meta property=\"og:description\" content=\"Pr\u00eats \u00e0 partir sillonner les routes \u00e0 la d\u00e9couverte de l&#039;Ard\u00e8che ? La Vern\u00e8de vous propose des id\u00e9es de coins et recoins cach\u00e9s \u00e0 visiter.\" \/>\n<meta property=\"og:url\" content=\"https:\/\/canoe-kayak-lavernede.com\/lardeche-en-van-lieux-immanquables\/\" \/>\n<meta property=\"og:site_name\" content=\"LA VERNEDE\" \/>\n<meta property=\"article:published_time\" content=\"2022-04-15T14:48:53+00:00\" \/>\n<meta property=\"article:modified_time\" content=\"2022-04-20T07:38:40+00:00\" \/>\n<meta property=\"og:image\" content=\"https:\/\/canoe-kayak-lavernede.com\/wp-content\/uploads\/2021\/03\/Descente-32kmHP.jpg\" \/>\n\t<meta property=\"og:image:width\" content=\"780\" \/>\n\t<meta property=\"og:image:height\" content=\"900\" \/>\n\t<meta property=\"og:image:type\" content=\"image\/jpeg\" \/>\n<meta name=\"author\" content=\"Philippe\" \/>\n<meta name=\"twitter:card\" content=\"summary_large_image\" \/>\n<meta name=\"twitter:label1\" content=\"Written by\" \/>\n\t<meta name=\"twitter:data1\" content=\"Philippe\" \/>\n\t<meta name=\"twitter:label2\" content=\"Est. reading time\" \/>\n\t<meta name=\"twitter:data2\" content=\"4 minutes\" \/>\n<script type=\"application\/ld+json\" class=\"yoast-schema-graph\">{\"@context\":\"https:\/\/schema.org\",\"@graph\":[{\"@type\":\"WebPage\",\"@id\":\"https:\/\/canoe-kayak-lavernede.com\/lardeche-en-van-lieux-immanquables\/\",\"url\":\"https:\/\/canoe-kayak-lavernede.com\/lardeche-en-van-lieux-immanquables\/\",\"name\":\"Les meilleurs coins \u00e0 visiter pour d\u00e9couvrir l\u2019Ard\u00e8che en van - La Vern\u00e8de\",\"isPartOf\":{\"@id\":\"https:\/\/canoe-kayak-lavernede.com\/#website\"},\"primaryImageOfPage\":{\"@id\":\"https:\/\/canoe-kayak-lavernede.com\/lardeche-en-van-lieux-immanquables\/#primaryimage\"},\"image\":{\"@id\":\"https:\/\/canoe-kayak-lavernede.com\/lardeche-en-van-lieux-immanquables\/#primaryimage\"},\"thumbnailUrl\":\"https:\/\/canoe-kayak-lavernede.com\/wp-content\/uploads\/2021\/03\/Descente-32kmHP.jpg\",\"datePublished\":\"2022-04-15T14:48:53+00:00\",\"dateModified\":\"2022-04-20T07:38:40+00:00\",\"author\":{\"@id\":\"https:\/\/canoe-kayak-lavernede.com\/#\/schema\/person\/95f779cb7c6f0a87be097d3307df82e9\"},\"description\":\"Pr\u00eats \u00e0 partir sillonner les routes \u00e0 la d\u00e9couverte de l'Ard\u00e8che ? La Vern\u00e8de vous propose des id\u00e9es de coins et recoins cach\u00e9s \u00e0 visiter.\",\"breadcrumb\":{\"@id\":\"https:\/\/canoe-kayak-lavernede.com\/lardeche-en-van-lieux-immanquables\/#breadcrumb\"},\"inLanguage\":\"en-US\",\"potentialAction\":[{\"@type\":\"ReadAction\",\"target\":[\"https:\/\/canoe-kayak-lavernede.com\/lardeche-en-van-lieux-immanquables\/\"]}]},{\"@type\":\"ImageObject\",\"inLanguage\":\"en-US\",\"@id\":\"https:\/\/canoe-kayak-lavernede.com\/lardeche-en-van-lieux-immanquables\/#primaryimage\",\"url\":\"https:\/\/canoe-kayak-lavernede.com\/wp-content\/uploads\/2021\/03\/Descente-32kmHP.jpg\",\"contentUrl\":\"https:\/\/canoe-kayak-lavernede.com\/wp-content\/uploads\/2021\/03\/Descente-32kmHP.jpg\",\"width\":780,\"height\":900},{\"@type\":\"BreadcrumbList\",\"@id\":\"https:\/\/canoe-kayak-lavernede.com\/lardeche-en-van-lieux-immanquables\/#breadcrumb\",\"itemListElement\":[{\"@type\":\"ListItem\",\"position\":1,\"name\":\"Accueil\",\"item\":\"https:\/\/canoe-kayak-lavernede.com\/en\/\"},{\"@type\":\"ListItem\",\"position\":2,\"name\":\"Actualites\",\"item\":\"https:\/\/canoe-kayak-lavernede.com\/actualites\/\"},{\"@type\":\"ListItem\",\"position\":3,\"name\":\"Silloner l\u2019Ard\u00e8che en van : les lieux immanquables pour un voyage m\u00e9morable\"}]},{\"@type\":\"WebSite\",\"@id\":\"https:\/\/canoe-kayak-lavernede.com\/#website\",\"url\":\"https:\/\/canoe-kayak-lavernede.com\/\",\"name\":\"LA VERNEDE\",\"description\":\"\",\"potentialAction\":[{\"@type\":\"SearchAction\",\"target\":{\"@type\":\"EntryPoint\",\"urlTemplate\":\"https:\/\/canoe-kayak-lavernede.com\/?s={search_term_string}\"},\"query-input\":{\"@type\":\"PropertyValueSpecification\",\"valueRequired\":true,\"valueName\":\"search_term_string\"}}],\"inLanguage\":\"en-US\"},{\"@type\":\"Person\",\"@id\":\"https:\/\/canoe-kayak-lavernede.com\/#\/schema\/person\/95f779cb7c6f0a87be097d3307df82e9\",\"name\":\"Philippe\"}]}<\/script>\n<!-- \/ Yoast SEO plugin. -->","yoast_head_json":{"title":"Les meilleurs coins \u00e0 visiter pour d\u00e9couvrir l\u2019Ard\u00e8che en van - La Vern\u00e8de","description":"Pr\u00eats \u00e0 partir sillonner les routes \u00e0 la d\u00e9couverte de l'Ard\u00e8che ? La Vern\u00e8de vous propose des id\u00e9es de coins et recoins cach\u00e9s \u00e0 visiter.","robots":{"index":"index","follow":"follow","max-snippet":"max-snippet:-1","max-image-preview":"max-image-preview:large","max-video-preview":"max-video-preview:-1"},"canonical":"https:\/\/canoe-kayak-lavernede.com\/lardeche-en-van-lieux-immanquables\/","og_locale":"en_US","og_type":"article","og_title":"Les meilleurs coins \u00e0 visiter pour d\u00e9couvrir l\u2019Ard\u00e8che en van - La Vern\u00e8de","og_description":"Pr\u00eats \u00e0 partir sillonner les routes \u00e0 la d\u00e9couverte de l'Ard\u00e8che ? La Vern\u00e8de vous propose des id\u00e9es de coins et recoins cach\u00e9s \u00e0 visiter.","og_url":"https:\/\/canoe-kayak-lavernede.com\/lardeche-en-van-lieux-immanquables\/","og_site_name":"LA VERNEDE","article_published_time":"2022-04-15T14:48:53+00:00","article_modified_time":"2022-04-20T07:38:40+00:00","og_image":[{"width":780,"height":900,"url":"https:\/\/canoe-kayak-lavernede.com\/wp-content\/uploads\/2021\/03\/Descente-32kmHP.jpg","type":"image\/jpeg"}],"author":"Philippe","twitter_card":"summary_large_image","twitter_misc":{"Written by":"Philippe","Est. reading time":"4 minutes"},"schema":{"@context":"https:\/\/schema.org","@graph":[{"@type":"WebPage","@id":"https:\/\/canoe-kayak-lavernede.com\/lardeche-en-van-lieux-immanquables\/","url":"https:\/\/canoe-kayak-lavernede.com\/lardeche-en-van-lieux-immanquables\/","name":"Les meilleurs coins \u00e0 visiter pour d\u00e9couvrir l\u2019Ard\u00e8che en van - La Vern\u00e8de","isPartOf":{"@id":"https:\/\/canoe-kayak-lavernede.com\/#website"},"primaryImageOfPage":{"@id":"https:\/\/canoe-kayak-lavernede.com\/lardeche-en-van-lieux-immanquables\/#primaryimage"},"image":{"@id":"https:\/\/canoe-kayak-lavernede.com\/lardeche-en-van-lieux-immanquables\/#primaryimage"},"thumbnailUrl":"https:\/\/canoe-kayak-lavernede.com\/wp-content\/uploads\/2021\/03\/Descente-32kmHP.jpg","datePublished":"2022-04-15T14:48:53+00:00","dateModified":"2022-04-20T07:38:40+00:00","author":{"@id":"https:\/\/canoe-kayak-lavernede.com\/#\/schema\/person\/95f779cb7c6f0a87be097d3307df82e9"},"description":"Pr\u00eats \u00e0 partir sillonner les routes \u00e0 la d\u00e9couverte de l'Ard\u00e8che ? La Vern\u00e8de vous propose des id\u00e9es de coins et recoins cach\u00e9s \u00e0 visiter.","breadcrumb":{"@id":"https:\/\/canoe-kayak-lavernede.com\/lardeche-en-van-lieux-immanquables\/#breadcrumb"},"inLanguage":"en-US","potentialAction":[{"@type":"ReadAction","target":["https:\/\/canoe-kayak-lavernede.com\/lardeche-en-van-lieux-immanquables\/"]}]},{"@type":"ImageObject","inLanguage":"en-US","@id":"https:\/\/canoe-kayak-lavernede.com\/lardeche-en-van-lieux-immanquables\/#primaryimage","url":"https:\/\/canoe-kayak-lavernede.com\/wp-content\/uploads\/2021\/03\/Descente-32kmHP.jpg","contentUrl":"https:\/\/canoe-kayak-lavernede.com\/wp-content\/uploads\/2021\/03\/Descente-32kmHP.jpg","width":780,"height":900},{"@type":"BreadcrumbList","@id":"https:\/\/canoe-kayak-lavernede.com\/lardeche-en-van-lieux-immanquables\/#breadcrumb","itemListElement":[{"@type":"ListItem","position":1,"name":"Accueil","item":"https:\/\/canoe-kayak-lavernede.com\/en\/"},{"@type":"ListItem","position":2,"name":"Actualites","item":"https:\/\/canoe-kayak-lavernede.com\/actualites\/"},{"@type":"ListItem","position":3,"name":"Silloner l\u2019Ard\u00e8che en van : les lieux immanquables pour un voyage m\u00e9morable"}]},{"@type":"WebSite","@id":"https:\/\/canoe-kayak-lavernede.com\/#website","url":"https:\/\/canoe-kayak-lavernede.com\/","name":"LA VERNEDE","description":"","potentialAction":[{"@type":"SearchAction","target":{"@type":"EntryPoint","urlTemplate":"https:\/\/canoe-kayak-lavernede.com\/?s={search_term_string}"},"query-input":{"@type":"PropertyValueSpecification","valueRequired":true,"valueName":"search_term_string"}}],"inLanguage":"en-US"},{"@type":"Person","@id":"https:\/\/canoe-kayak-lavernede.com\/#\/schema\/person\/95f779cb7c6f0a87be097d3307df82e9","name":"Philippe"}]}},"_links":{"self":[{"href":"https:\/\/canoe-kayak-lavernede.com\/en\/wp-json\/wp\/v2\/posts\/3706"}],"collection":[{"href":"https:\/\/canoe-kayak-lavernede.com\/en\/wp-json\/wp\/v2\/posts"}],"about":[{"href":"https:\/\/canoe-kayak-lavernede.com\/en\/wp-json\/wp\/v2\/types\/post"}],"author":[{"embeddable":true,"href":"https:\/\/canoe-kayak-lavernede.com\/en\/wp-json\/wp\/v2\/users\/5"}],"replies":[{"embeddable":true,"href":"https:\/\/canoe-kayak-lavernede.com\/en\/wp-json\/wp\/v2\/comments?post=3706"}],"version-history":[{"count":3,"href":"https:\/\/canoe-kayak-lavernede.com\/en\/wp-json\/wp\/v2\/posts\/3706\/revisions"}],"predecessor-version":[{"id":3713,"href":"https:\/\/canoe-kayak-lavernede.com\/en\/wp-json\/wp\/v2\/posts\/3706\/revisions\/3713"}],"wp:featuredmedia":[{"embeddable":true,"href":"https:\/\/canoe-kayak-lavernede.com\/en\/wp-json\/wp\/v2\/media\/780"}],"wp:attachment":[{"href":"https:\/\/canoe-kayak-lavernede.com\/en\/wp-json\/wp\/v2\/media?parent=3706"}],"wp:term":[{"taxonomy":"category","embeddable":true,"href":"https:\/\/canoe-kayak-lavernede.com\/en\/wp-json\/wp\/v2\/categories?post=3706"},{"taxonomy":"post_tag","embeddable":true,"href":"https:\/\/canoe-kayak-lavernede.com\/en\/wp-json\/wp\/v2\/tags?post=3706"}],"curies":[{"name":"wp","href":"https:\/\/api.w.org\/{rel}","templated":true}]}}