{"id":2696,"date":"2021-10-14T17:06:41","date_gmt":"2021-10-14T15:06:41","guid":{"rendered":"https:\/\/www.canoe-kayak-lavernede.com\/?p=2696"},"modified":"2023-12-11T10:28:28","modified_gmt":"2023-12-11T09:28:28","slug":"preparer-descente-canoe-ardeche","status":"publish","type":"post","link":"https:\/\/canoe-kayak-lavernede.com\/en\/preparer-descente-canoe-ardeche\/","title":{"rendered":"Comment pr\u00e9parer sa descente de l\u2019Ard\u00e8che en cano\u00eb-kayak ?"},"content":{"rendered":"<p>[vc_row][vc_column]<div class=\"templatera_shortcode\"><div id=\"breadcrumb\" data-vc-full-width=\"true\" data-vc-full-width-init=\"false\" class=\"vc_row wpb_row vc_row-fluid\"><div class=\"wpb_column vc_column_container vc_col-sm-12\"><div class=\"vc_column-inner\"><div class=\"wpb_wrapper\">\n\t<div class=\"wpb_text_column wpb_content_element \" >\n\t\t<div class=\"wpb_wrapper\">\n\t\t\t<span><span><a href=\"https:\/\/canoe-kayak-lavernede.com\/en\/\">Accueil<\/a><\/span><\/span>\n\n\t\t<\/div>\n\t<\/div>\n<\/div><\/div><\/div><\/div><div class=\"vc_row-full-width vc_clearfix\"><\/div><\/div>[vc_column_text]<\/p>\n<h1 style=\"text-align: center;\"><span class=\"titre_logo titre_1\">Comment pr\u00e9parer sa descente de l\u2019Ard\u00e8che en cano\u00eb-kayak ?<\/span><\/h1>\n<p>[\/vc_column_text][\/vc_column][\/vc_row][vc_row][vc_column][vc_column_text]Envie de d\u00e9connecter en pleine nature et de d\u00e9couvrir des paysages sauvages ? Sur une rivi\u00e8re scintillante, entre des falaises vertigineuses, le cano\u00eb-kayak est l&#8217;activit\u00e9 incontournable pour <strong>explorer les Gorges de l\u2019Ard\u00e8che<\/strong>. D\u00e9couvrez <strong>nos 4 meilleurs conseils pour pr\u00e9parer votre descente<\/strong>.[\/vc_column_text][vc_empty_space height=&#8221;60px&#8221;][vc_column_text]<\/p>\n<h2><span class=\"titre_2\">1. Bien choisir sa descente de cano\u00eb en Ard\u00e8che<\/span><\/h2>\n<p>Le cano\u00eb-kayak est une activit\u00e9 accessible \u00e0 tous, cependant les descentes en cano\u00eb d\u2019Ard\u00e8che ne sont pas toutes adapt\u00e9es \u00e0 tous les publics. Il faut choisir l\u2019itin\u00e9raire qui convient \u00e0 votre niveau.<\/p>\n<h3><span class=\"titre_3\">La descente en cano\u00eb du Pont d\u2019Arc, un parcours accessible et familial<\/span><\/h3>\n<p>Cette <a href=\"https:\/\/canoe-kayak-lavernede.com\/descente-gorges-ardeche\/1-jour\/8-km\/\">mini-descente d\u2019environ 8 km<\/a>, compte environ 1h30 de pagaie, sans les arr\u00eats. Cette balade en cano\u00eb est tr\u00e8s facile et \u00e0 la port\u00e9e de tous, id\u00e9ale pour les familles. <strong>Exp\u00e9rimentez la douceur de vivre ard\u00e9choise<\/strong>. Arr\u00eatez-vous sur les magnifiques plages de la rivi\u00e8re et <strong>piquez une t\u00eate sous l\u2019incontournable Pont d\u2019Arc<\/strong>. Profitez de bons moments en famille ou entre amis, dans un site naturel magnifique.<\/p>\n<p>&nbsp;<\/p>\n<h3><span class=\"titre_2\">Le parcours interm\u00e9diaire, une descente ludique en cano\u00eb<\/span><\/h3>\n<p>Cet <a href=\"https:\/\/canoe-kayak-lavernede.com\/descente-gorges-ardeche\/1-jour\/12-km\/\">itin\u00e9raire de 12 km<\/a> vous prendra environ 3h sans interruption. Ludique, cette <strong>descente en cano\u00eb magique et incontournable<\/strong> convient aux familles, aux amis et aux couples. Avec cette descente de l\u2019Ard\u00e8che, cr\u00e9ez-vous de chouettes souvenirs et ravivez votre \u00e2me d\u2019enfant ! Pendant 1h30, vous naviguez dans des eaux calmes, <strong>entrecoup\u00e9es de glissi\u00e8res pour cano\u00ebs et de rapides<\/strong>. La promenade se termine par le Pont d\u2019Arc, une curiosit\u00e9 g\u00e9ologique hors du commun. C\u2019est le<strong> spot baignade et photo incontournable de l\u2019Ard\u00e8che<\/strong>.<\/p>\n<p>&nbsp;<\/p>\n<h3><span class=\"titre_2\">L\u2019itin\u00e9raire des Gorges de l\u2019Ard\u00e8che, un parcours sauvage et grandiose<\/span><\/h3>\n<p>Pour <strong>explorer la r\u00e9serve naturelle des Gorges de l\u2019Ard\u00e8che<\/strong>, cet <a href=\"https:\/\/canoe-kayak-lavernede.com\/descente-gorges-ardeche\/1-jour\/24-km\/\">itin\u00e9raire de 24 km<\/a> est id\u00e9al. Vous \u00eates un peu plus sportif ? Ce parcours assez long et ponctu\u00e9 de nombreux rapides saura vous ravir. Cette descente de cano\u00eb se fait en 5h environ, sans pause. G\u00e9rer son temps est primordial. Les gorges de l\u2019Ard\u00e8che, \u00e7a se m\u00e9rite ! Mais l\u2019effort vaut largement le d\u00e9tour ! <strong>Amoureux de la nature et des grands espaces<\/strong>, vous serez servi. Ici, la faune et la flore sont pr\u00e9serv\u00e9es et l\u2019itin\u00e9raire promet une nature sauvage, des falaises grandioses et des panoramas splendides.<\/p>\n<p>&nbsp;<\/p>\n<h3><span class=\"titre_2\">L\u2019int\u00e9grale, un v\u00e9ritable d\u00e9fi sportif pour descendre l\u2019Ard\u00e8che en cano\u00eb<\/span><\/h3>\n<p>Ce <a href=\"https:\/\/canoe-kayak-lavernede.com\/descente-gorges-ardeche\/1-jour\/32-km\/\">parcours de 32 km<\/a> r\u00e9unit <strong>la descente du Pont d\u2019Arc et le parcours interm\u00e9diaire<\/strong>. Explorez la beaut\u00e9 saisissante de l\u2019Ard\u00e8che. Une <strong>tr\u00e8s bonne condition physique<\/strong> est n\u00e9cessaire pour cette descente de cano\u00eb. Comptez plus de 6h de pagaie sans arr\u00eat pour cette descente exigeante. C\u2019est le moment de<strong> se d\u00e9passer et de se cr\u00e9er des souvenirs inoubliables<\/strong> ! Ce parcours d\u2019une journ\u00e9e requiert un d\u00e9part aux aurores, vers 8h. Vous vivrez un moment privil\u00e9gi\u00e9, seuls sur la rivi\u00e8re. Entre eaux calmes, rapides, merveilles g\u00e9ologiques et milieu naturel d\u2019exception,<strong> vivez l\u2019Ard\u00e8che intens\u00e9ment en d\u00e9couvrant une nature sauvage et des paysages incroyables<\/strong>.<\/p>\n<p>&nbsp;<\/p>\n<h3><span class=\"titre_2\">Descentes de l\u2019Ard\u00e8che sur 2 jours<\/span><\/h3>\n<p>En solo, en famille, entre amis ou en couple, <strong>profitez pleinement et sans vous presser de votre exploration des Gorges de l\u2019Ard\u00e8che<\/strong>. La descente de 32 km sur deux jours est parfaite pour cela. Diff\u00e9rentes formules s\u2019offrent \u00e0 vous :<\/p>\n<ul>\n<li><a href=\"https:\/\/canoe-kayak-lavernede.com\/descente-gorges-ardeche\/2-jours\/32-km-bivouac\/\">La pl\u00e9biscit\u00e9e<\/a><strong> : <\/strong>c\u2019est le seul parcours avec une nuit en bivouac. Comptez 3h de pagaie par jour pour vivre une <strong>exp\u00e9rience 100% immersive au c\u0153ur des Gorges de l\u2019Ard\u00e8che avec une nuit \u00e0 la belle \u00e9toile<\/strong>. Convivialit\u00e9 assur\u00e9e !<\/li>\n<li><a href=\"https:\/\/canoe-kayak-lavernede.com\/descente-gorges-ardeche\/2-jours\/16-16-km\/\">La fifty-fifty<\/a><strong> : <\/strong>deux \u00e9tapes de 16km \u00e0 faire sur 2 jours et un parcours de marche de 45 minutes sur un sentier pentu, pour <strong>profiter des lieux sans se presser <\/strong>!<\/li>\n<li><a href=\"https:\/\/canoe-kayak-lavernede.com\/descente-gorges-ardeche\/2-jours\/8-24-km\/\">L\u2019easy-way 8+24<\/a> <strong>:<\/strong> un parcours de 8km le premier jour pour se remettre en jambe et le deuxi\u00e8me jour une descente de 24 km pour <strong>d\u00e9couvrir la r\u00e9serve naturelle des Gorges de l\u2019Ard\u00e8che<\/strong>.<\/li>\n<li><a href=\"https:\/\/canoe-kayak-lavernede.com\/descente-gorges-ardeche\/2-jours\/24-8-km\/\">L\u2019easy-way 24+8<\/a><strong> :<\/strong> la m\u00eame chose, mais en inversant les deux descentes !<\/li>\n<\/ul>\n<p>Maintenant que vous connaissez toutes les possibilit\u00e9s, vous n\u2019avez plus qu\u2019\u00e0 choisir une <strong>descente de l&#8217;Ard\u00e8che en cano\u00eb adapt\u00e9e \u00e0 vos envies.<\/strong>[\/vc_column_text][vc_single_image image=&#8221;1582&#8243; img_size=&#8221;large&#8221; alignment=&#8221;center&#8221; el_class=&#8221;img_vague_blanc&#8221;][vc_column_text]<\/p>\n<h2><span class=\"titre_2\">2. Quelle est la meilleure p\u00e9riode pour faire du cano\u00eb en Ard\u00e8che ?<\/span><\/h2>\n<p>Les descentes de l\u2019Ard\u00e8che en cano\u00eb se pratiquent <strong>entre avril et octobre<\/strong>. Selon la p\u00e9riode choisie, le parcours peut \u00eatre plus ou moins facilit\u00e9 en fonction du d\u00e9bit de la rivi\u00e8re.<\/p>\n<h3><span class=\"titre_3\">En avant et arri\u00e8re-saison : avril-mai et septembre-octobre<\/span><\/h3>\n<p>Durant ces deux p\u00e9riodes, le niveau d\u2019eau de la rivi\u00e8re est haut, offrant un<strong> minimum d\u2019efforts et un maximum de sensations<\/strong> ! Dans les rapides, la descente est plus sportive.<\/p>\n<p>La temp\u00e9rature de l\u2019eau et de l\u2019air sont presque identiques. La balade en cano\u00eb est agr\u00e9able tout au long de la journ\u00e9e.<\/p>\n<p>Si on veut \u00e9viter l\u2019affluence des touristes, <strong>les mois de septembre octobre sont id\u00e9aux<\/strong>. Le calme est assur\u00e9 et les couleurs sont magnifiques ! L\u2019exploration des Gorges de l\u2019Ard\u00e8che et la d\u00e9couverte du Pont d\u2019Arc n\u2019en sont que plus agr\u00e9ables.<\/p>\n<p>&nbsp;<\/p>\n<h3><span class=\"titre_2\">En pleine saison : de juin \u00e0 ao\u00fbt<\/span><\/h3>\n<p>L\u2019\u00e9t\u00e9, il fait beaucoup plus chaud en Ard\u00e8che. Il faut se prot\u00e9ger et s\u2019hydrater plus r\u00e9guli\u00e8rement. Attention, l&#8217;\u00e9t\u00e9, la rivi\u00e8re est tr\u00e8s pris\u00e9e des touristes ! Pour ces deux raisons, mieux vaut profiter de la <strong>location de cano\u00eb \u00e0 la fra\u00eeche<\/strong>, le matin, et s\u2019arr\u00eater l\u2019apr\u00e8s-midi pour <strong>se baigner dans l\u2019Ard\u00e8che<\/strong>.<\/p>\n<p>Si la temp\u00e9rature peut \u00eatre \u00e9lev\u00e9e la journ\u00e9e, quand le jour tombe, fl\u00e2ner sur la rivi\u00e8re est enchanteur. C\u2019est la p\u00e9riode parfaite pour <strong>bivouaquer et dormir \u00e0 la belle \u00e9toile<\/strong>.<\/p>\n<p>Enfin, l\u2019\u00e9t\u00e9 le d\u00e9bit de la rivi\u00e8re est moins \u00e9lev\u00e9. L\u2019Ard\u00e8che est tranquille. C\u2019est <strong>id\u00e9al pour une descente de cano\u00eb en famille<\/strong>. Cependant, pagayer demande un peu plus d\u2019efforts.<\/p>\n<p>Quoiqu\u2019il en soit, l\u2019Ard\u00e8che est magnifique en toute saison et \u00e0 toute heure de la journ\u00e9e. Peu importe le moment que vous choisirez, vous serez surpris par la beaut\u00e9 de cette carte postale.[\/vc_column_text][\/vc_column][\/vc_row][vc_row][vc_column][vc_single_image image=&#8221;892&#8243;][\/vc_column][\/vc_row][vc_row][vc_column][vc_column_text]<\/p>\n<h2><span class=\"titre_2\">3. Bien s\u2019\u00e9quiper avant une sortie cano\u00eb<\/span><\/h2>\n<p>Pour une bonne sortie en cano\u00eb sur l\u2019Ard\u00e8che, l\u2019\u00e9quipement est primordial !<\/p>\n<p>La premi\u00e8re chose est de <strong>choisir une tenue confortable et adapt\u00e9e \u00e0 la saison<\/strong>. L\u2019\u00e9t\u00e9 prenez tee-shirt et short, en avant et apr\u00e8s-saison, pr\u00e9voyez un coupe-vent. Le <strong>port de chaussures ferm\u00e9es est obligatoire<\/strong>, choisissez de vieilles baskets ou des chaussures d\u2019eau. Vous pouvez pr\u00e9voir une tenue de rechange et bien s\u00fbr votre maillot de bain et une serviette pour profiter d\u2019une baignade dans l\u2019Ard\u00e8che durant votre location de cano\u00eb !<\/p>\n<p>Bien s\u00fbr il faut <strong>se prot\u00e9ger du soleil<\/strong> : cr\u00e8me solaire, lunettes de soleil avec cordon (pour ne pas les perdre) et un chapeau ou une casquette sont de rigueur.<\/p>\n<p>Nous vous \u00e9quipons d\u2019un <strong>gilet de sauvetage, obligatoire<\/strong> pour votre s\u00e9curit\u00e9. Nous fournissons un bidon \u00e9tanche pour ranger et prot\u00e9ger vos affaires. V\u00e9rifiez que vous avez suffisamment de batterie sur votre t\u00e9l\u00e9phone et prot\u00e9gez-le avec une pochette \u00e9tanche.<\/p>\n<p>Que vous partiez sur une demi-journ\u00e9e ou une journ\u00e9e, pr\u00e9voyez de quoi vous hydrater et vous nourrir. Prenez <strong>au moins 1,5 litre d\u2019eau par personne<\/strong> et un pique-nique ou un go\u00fbter pour vous arr\u00eater sur une des plages de la rivi\u00e8re.<\/p>\n<p>Si vous choisissez le parcours avec bivouac, il y a des \u00e9quipements suppl\u00e9mentaires \u00e0 pr\u00e9voir.<\/p>\n<ul>\n<li>De la nourriture pour les deux jours de randonn\u00e9e en cano\u00eb (deux d\u00e9jeuners, un d\u00eener et un petit-d\u00e9jeuner, soit 4 repas).<\/li>\n<li>Des \u00e9quipements de couchage (tente et duvet).<\/li>\n<\/ul>\n<p>&nbsp;<\/p>\n<h2><span class=\"titre_2\">4. Quelques conseils pour une premi\u00e8re descente de cano\u00eb<\/span><\/h2>\n<p><a href=\"https:\/\/www.descente-canoe-ardeche.com\/bien-preparer-sa-descente-de-lardeche-en-canoe\/\">Si vous \u00eates d\u00e9butant et que vous n\u2019avez encore jamais fait de cano\u00eb en Ard\u00e8che, rassurez-vous, voici cinq <strong>conseils pour d\u00e9buter en cano\u00eb<\/strong>.<\/a><\/p>\n<ol>\n<li>Avant de partir, <strong>apprenez \u00e0 pagayer et \u00e0 manier votre embarcation<\/strong>. Pour avancer droit, pagayez uniform\u00e9ment de chaque c\u00f4t\u00e9, mais restez en alerte afin d\u2019adapter vos man\u0153uvres constamment.<\/li>\n<li>Renseignez-vous sur<strong> les r\u00e8gles de s\u00e9curit\u00e9 en cano\u00eb<\/strong> : savoir nager et s\u2019immerger, conna\u00eetre les courants et sur le niveau de la rivi\u00e8re, porter un gilet de sauvetage.<\/li>\n<li><strong>Prenez votre temps<\/strong> pour monter dans votre cano\u00eb, ne vous pr\u00e9cipitez pas au risque de chuter.<\/li>\n<li><strong>Adoptez la bonne posture<\/strong>, restez droit, jambes l\u00e9g\u00e8rement fl\u00e9chies.<\/li>\n<li>V\u00e9rifiez les sp\u00e9cificit\u00e9s du parcours, s\u2019il y a des rapides ou des glissi\u00e8res, demandez comment les passer en toute s\u00e9curit\u00e9.<\/li>\n<\/ol>\n<p>&nbsp;<\/p>\n<p>Les <strong>descentes en cano\u00eb dans les Gorges de l\u2019Ard\u00e8che <\/strong>n\u2019ont plus de secret pour vous et vous savez exactement \u00e0 quelle p\u00e9riode venir chez nous. Vous \u00eates \u00e9quip\u00e9s et pr\u00e9par\u00e9s pour faire du cano\u00eb en toute s\u00e9curit\u00e9. Il ne vous reste plus qu\u2019\u00e0 choisir votre <a href=\"https:\/\/canoe-kayak-lavernede.com\/tarifs\/\"><strong>location de cano\u00eb en Ard\u00e8che chez la Vern\u00e8de<\/strong><\/a> pour profiter pleinement des paysages somptueux de notre r\u00e9gion ![\/vc_column_text][vc_column_text]<span class=\"titre_2\">5. La nuit en bivouac<\/span><\/p>\n<p>Vous pr\u00e9voyez une descente de <a href=\"https:\/\/canoe-kayak-lavernede.com\/descente-gorges-ardeche\/2-jours\/32-km-bivouac\/\">32km sur deux jours avec nuit en bivouac<\/a> ?<\/p>\n<p><strong>Il est important de savoir que votre nuit en bivouac n&#8217;est pas incluse dans votre location de cano\u00eb.\u00a0<\/strong><br \/>\nEn effet en Ard\u00e8che, vous avez la chance de naviguer dans une r\u00e9serve naturelle nationnale ! Les bivouacs sont donc administ\u00e9s par les gestionnaires de la r\u00e9serve naturelle des gorges de l&#8217;Ard\u00e8che !<\/p>\n<p>Mais pas de panique, <strong>vous pouvez r\u00e9server votre nuit en bivouac directement depuis notre site web grace \u00e0 notre page d\u00e9di\u00e9e :<\/strong><\/p>\n<p>[\/vc_column_text]<div class=' txt_centre btn_plein_rougeF'><a class='lien_btn smoothScroll' href='\/reservez-votre-nuit-en-bivouac-dans-les-gorges-de-lardeche\/' ><span>R\u00e9server votre nuit en bivouac GAUD ou GOURNIER<\/span><\/a><\/div>[\/vc_column][\/vc_row][vc_row][vc_column][vc_icon icon_fontawesome=&#8221;fab fa-envira&#8221; align=&#8221;center&#8221;][\/vc_column][\/vc_row]<\/p>\n","protected":false},"excerpt":{"rendered":"Accueil Comment pr\u00e9parer sa descente de l\u2019Ard\u00e8che en cano\u00eb-kayak ? Envie de d\u00e9connecter en pleine nature et de d\u00e9couvrir des paysages sauvages ? Sur une rivi\u00e8re scintillante, entre des falaises vertigineuses, le cano\u00eb-kayak est l'activit\u00e9 incontournable pour explorer les Gorges de l\u2019Ard\u00e8che. D\u00e9couvrez nos 4 meilleurs conseils pour pr\u00e9parer votre descente. 1. Bien choisir sa [...]","protected":false},"author":5,"featured_media":2964,"comment_status":"closed","ping_status":"closed","sticky":false,"template":"","format":"standard","meta":{"footnotes":""},"categories":[7],"tags":[],"class_list":{"0":"post-2696","1":"post","2":"type-post","3":"status-publish","4":"format-standard","5":"has-post-thumbnail","7":"category-actualites"},"yoast_head":"<!-- This site is optimized with the Yoast SEO plugin v24.3 - https:\/\/yoast.com\/wordpress\/plugins\/seo\/ -->\n<title>Bien pr\u00e9parer sa descente de l\u2019Ard\u00e8che en cano\u00eb - LA VERNEDE<\/title>\n<meta name=\"description\" content=\"Envie de partir faire du cano\u00eb dans les Gorges de l\u2019Ard\u00e8che ? On vous donne nos meilleurs conseils pour pr\u00e9parer votre descente.\" \/>\n<meta name=\"robots\" content=\"index, follow, max-snippet:-1, max-image-preview:large, max-video-preview:-1\" \/>\n<link rel=\"canonical\" href=\"https:\/\/canoe-kayak-lavernede.com\/preparer-descente-canoe-ardeche\/\" \/>\n<meta property=\"og:locale\" content=\"en_US\" \/>\n<meta property=\"og:type\" content=\"article\" \/>\n<meta property=\"og:title\" content=\"Bien pr\u00e9parer sa descente de l\u2019Ard\u00e8che en cano\u00eb - LA VERNEDE\" \/>\n<meta property=\"og:description\" content=\"Envie de partir faire du cano\u00eb dans les Gorges de l\u2019Ard\u00e8che ? On vous donne nos meilleurs conseils pour pr\u00e9parer votre descente.\" \/>\n<meta property=\"og:url\" content=\"https:\/\/canoe-kayak-lavernede.com\/preparer-descente-canoe-ardeche\/\" \/>\n<meta property=\"og:site_name\" content=\"LA VERNEDE\" \/>\n<meta property=\"article:published_time\" content=\"2021-10-14T15:06:41+00:00\" \/>\n<meta property=\"article:modified_time\" content=\"2023-12-11T09:28:28+00:00\" \/>\n<meta property=\"og:image\" content=\"https:\/\/canoe-kayak-lavernede.com\/wp-content\/uploads\/2021\/10\/Image-blog-preparer-380x380-1.png\" \/>\n\t<meta property=\"og:image:width\" content=\"380\" \/>\n\t<meta property=\"og:image:height\" content=\"380\" \/>\n\t<meta property=\"og:image:type\" content=\"image\/png\" \/>\n<meta name=\"author\" content=\"Philippe\" \/>\n<meta name=\"twitter:card\" content=\"summary_large_image\" \/>\n<meta name=\"twitter:label1\" content=\"Written by\" \/>\n\t<meta name=\"twitter:data1\" content=\"Philippe\" \/>\n\t<meta name=\"twitter:label2\" content=\"Est. reading time\" \/>\n\t<meta name=\"twitter:data2\" content=\"8 minutes\" \/>\n<script type=\"application\/ld+json\" class=\"yoast-schema-graph\">{\"@context\":\"https:\/\/schema.org\",\"@graph\":[{\"@type\":\"WebPage\",\"@id\":\"https:\/\/canoe-kayak-lavernede.com\/preparer-descente-canoe-ardeche\/\",\"url\":\"https:\/\/canoe-kayak-lavernede.com\/preparer-descente-canoe-ardeche\/\",\"name\":\"Bien pr\u00e9parer sa descente de l\u2019Ard\u00e8che en cano\u00eb - LA VERNEDE\",\"isPartOf\":{\"@id\":\"https:\/\/canoe-kayak-lavernede.com\/#website\"},\"primaryImageOfPage\":{\"@id\":\"https:\/\/canoe-kayak-lavernede.com\/preparer-descente-canoe-ardeche\/#primaryimage\"},\"image\":{\"@id\":\"https:\/\/canoe-kayak-lavernede.com\/preparer-descente-canoe-ardeche\/#primaryimage\"},\"thumbnailUrl\":\"https:\/\/canoe-kayak-lavernede.com\/wp-content\/uploads\/2021\/10\/Image-blog-preparer-380x380-1.png\",\"datePublished\":\"2021-10-14T15:06:41+00:00\",\"dateModified\":\"2023-12-11T09:28:28+00:00\",\"author\":{\"@id\":\"https:\/\/canoe-kayak-lavernede.com\/#\/schema\/person\/95f779cb7c6f0a87be097d3307df82e9\"},\"description\":\"Envie de partir faire du cano\u00eb dans les Gorges de l\u2019Ard\u00e8che ? On vous donne nos meilleurs conseils pour pr\u00e9parer votre descente.\",\"breadcrumb\":{\"@id\":\"https:\/\/canoe-kayak-lavernede.com\/preparer-descente-canoe-ardeche\/#breadcrumb\"},\"inLanguage\":\"en-US\",\"potentialAction\":[{\"@type\":\"ReadAction\",\"target\":[\"https:\/\/canoe-kayak-lavernede.com\/preparer-descente-canoe-ardeche\/\"]}]},{\"@type\":\"ImageObject\",\"inLanguage\":\"en-US\",\"@id\":\"https:\/\/canoe-kayak-lavernede.com\/preparer-descente-canoe-ardeche\/#primaryimage\",\"url\":\"https:\/\/canoe-kayak-lavernede.com\/wp-content\/uploads\/2021\/10\/Image-blog-preparer-380x380-1.png\",\"contentUrl\":\"https:\/\/canoe-kayak-lavernede.com\/wp-content\/uploads\/2021\/10\/Image-blog-preparer-380x380-1.png\",\"width\":380,\"height\":380},{\"@type\":\"BreadcrumbList\",\"@id\":\"https:\/\/canoe-kayak-lavernede.com\/preparer-descente-canoe-ardeche\/#breadcrumb\",\"itemListElement\":[{\"@type\":\"ListItem\",\"position\":1,\"name\":\"Accueil\",\"item\":\"https:\/\/canoe-kayak-lavernede.com\/en\/\"},{\"@type\":\"ListItem\",\"position\":2,\"name\":\"Actualites\",\"item\":\"https:\/\/canoe-kayak-lavernede.com\/actualites\/\"},{\"@type\":\"ListItem\",\"position\":3,\"name\":\"Comment pr\u00e9parer sa descente de l\u2019Ard\u00e8che en cano\u00eb-kayak ?\"}]},{\"@type\":\"WebSite\",\"@id\":\"https:\/\/canoe-kayak-lavernede.com\/#website\",\"url\":\"https:\/\/canoe-kayak-lavernede.com\/\",\"name\":\"LA VERNEDE\",\"description\":\"\",\"potentialAction\":[{\"@type\":\"SearchAction\",\"target\":{\"@type\":\"EntryPoint\",\"urlTemplate\":\"https:\/\/canoe-kayak-lavernede.com\/?s={search_term_string}\"},\"query-input\":{\"@type\":\"PropertyValueSpecification\",\"valueRequired\":true,\"valueName\":\"search_term_string\"}}],\"inLanguage\":\"en-US\"},{\"@type\":\"Person\",\"@id\":\"https:\/\/canoe-kayak-lavernede.com\/#\/schema\/person\/95f779cb7c6f0a87be097d3307df82e9\",\"name\":\"Philippe\"}]}<\/script>\n<!-- \/ Yoast SEO plugin. -->","yoast_head_json":{"title":"Bien pr\u00e9parer sa descente de l\u2019Ard\u00e8che en cano\u00eb - LA VERNEDE","description":"Envie de partir faire du cano\u00eb dans les Gorges de l\u2019Ard\u00e8che ? On vous donne nos meilleurs conseils pour pr\u00e9parer votre descente.","robots":{"index":"index","follow":"follow","max-snippet":"max-snippet:-1","max-image-preview":"max-image-preview:large","max-video-preview":"max-video-preview:-1"},"canonical":"https:\/\/canoe-kayak-lavernede.com\/preparer-descente-canoe-ardeche\/","og_locale":"en_US","og_type":"article","og_title":"Bien pr\u00e9parer sa descente de l\u2019Ard\u00e8che en cano\u00eb - LA VERNEDE","og_description":"Envie de partir faire du cano\u00eb dans les Gorges de l\u2019Ard\u00e8che ? On vous donne nos meilleurs conseils pour pr\u00e9parer votre descente.","og_url":"https:\/\/canoe-kayak-lavernede.com\/preparer-descente-canoe-ardeche\/","og_site_name":"LA VERNEDE","article_published_time":"2021-10-14T15:06:41+00:00","article_modified_time":"2023-12-11T09:28:28+00:00","og_image":[{"width":380,"height":380,"url":"https:\/\/canoe-kayak-lavernede.com\/wp-content\/uploads\/2021\/10\/Image-blog-preparer-380x380-1.png","type":"image\/png"}],"author":"Philippe","twitter_card":"summary_large_image","twitter_misc":{"Written by":"Philippe","Est. reading time":"8 minutes"},"schema":{"@context":"https:\/\/schema.org","@graph":[{"@type":"WebPage","@id":"https:\/\/canoe-kayak-lavernede.com\/preparer-descente-canoe-ardeche\/","url":"https:\/\/canoe-kayak-lavernede.com\/preparer-descente-canoe-ardeche\/","name":"Bien pr\u00e9parer sa descente de l\u2019Ard\u00e8che en cano\u00eb - LA VERNEDE","isPartOf":{"@id":"https:\/\/canoe-kayak-lavernede.com\/#website"},"primaryImageOfPage":{"@id":"https:\/\/canoe-kayak-lavernede.com\/preparer-descente-canoe-ardeche\/#primaryimage"},"image":{"@id":"https:\/\/canoe-kayak-lavernede.com\/preparer-descente-canoe-ardeche\/#primaryimage"},"thumbnailUrl":"https:\/\/canoe-kayak-lavernede.com\/wp-content\/uploads\/2021\/10\/Image-blog-preparer-380x380-1.png","datePublished":"2021-10-14T15:06:41+00:00","dateModified":"2023-12-11T09:28:28+00:00","author":{"@id":"https:\/\/canoe-kayak-lavernede.com\/#\/schema\/person\/95f779cb7c6f0a87be097d3307df82e9"},"description":"Envie de partir faire du cano\u00eb dans les Gorges de l\u2019Ard\u00e8che ? On vous donne nos meilleurs conseils pour pr\u00e9parer votre descente.","breadcrumb":{"@id":"https:\/\/canoe-kayak-lavernede.com\/preparer-descente-canoe-ardeche\/#breadcrumb"},"inLanguage":"en-US","potentialAction":[{"@type":"ReadAction","target":["https:\/\/canoe-kayak-lavernede.com\/preparer-descente-canoe-ardeche\/"]}]},{"@type":"ImageObject","inLanguage":"en-US","@id":"https:\/\/canoe-kayak-lavernede.com\/preparer-descente-canoe-ardeche\/#primaryimage","url":"https:\/\/canoe-kayak-lavernede.com\/wp-content\/uploads\/2021\/10\/Image-blog-preparer-380x380-1.png","contentUrl":"https:\/\/canoe-kayak-lavernede.com\/wp-content\/uploads\/2021\/10\/Image-blog-preparer-380x380-1.png","width":380,"height":380},{"@type":"BreadcrumbList","@id":"https:\/\/canoe-kayak-lavernede.com\/preparer-descente-canoe-ardeche\/#breadcrumb","itemListElement":[{"@type":"ListItem","position":1,"name":"Accueil","item":"https:\/\/canoe-kayak-lavernede.com\/en\/"},{"@type":"ListItem","position":2,"name":"Actualites","item":"https:\/\/canoe-kayak-lavernede.com\/actualites\/"},{"@type":"ListItem","position":3,"name":"Comment pr\u00e9parer sa descente de l\u2019Ard\u00e8che en cano\u00eb-kayak ?"}]},{"@type":"WebSite","@id":"https:\/\/canoe-kayak-lavernede.com\/#website","url":"https:\/\/canoe-kayak-lavernede.com\/","name":"LA VERNEDE","description":"","potentialAction":[{"@type":"SearchAction","target":{"@type":"EntryPoint","urlTemplate":"https:\/\/canoe-kayak-lavernede.com\/?s={search_term_string}"},"query-input":{"@type":"PropertyValueSpecification","valueRequired":true,"valueName":"search_term_string"}}],"inLanguage":"en-US"},{"@type":"Person","@id":"https:\/\/canoe-kayak-lavernede.com\/#\/schema\/person\/95f779cb7c6f0a87be097d3307df82e9","name":"Philippe"}]}},"_links":{"self":[{"href":"https:\/\/canoe-kayak-lavernede.com\/en\/wp-json\/wp\/v2\/posts\/2696"}],"collection":[{"href":"https:\/\/canoe-kayak-lavernede.com\/en\/wp-json\/wp\/v2\/posts"}],"about":[{"href":"https:\/\/canoe-kayak-lavernede.com\/en\/wp-json\/wp\/v2\/types\/post"}],"author":[{"embeddable":true,"href":"https:\/\/canoe-kayak-lavernede.com\/en\/wp-json\/wp\/v2\/users\/5"}],"replies":[{"embeddable":true,"href":"https:\/\/canoe-kayak-lavernede.com\/en\/wp-json\/wp\/v2\/comments?post=2696"}],"version-history":[{"count":3,"href":"https:\/\/canoe-kayak-lavernede.com\/en\/wp-json\/wp\/v2\/posts\/2696\/revisions"}],"predecessor-version":[{"id":7251,"href":"https:\/\/canoe-kayak-lavernede.com\/en\/wp-json\/wp\/v2\/posts\/2696\/revisions\/7251"}],"wp:featuredmedia":[{"embeddable":true,"href":"https:\/\/canoe-kayak-lavernede.com\/en\/wp-json\/wp\/v2\/media\/2964"}],"wp:attachment":[{"href":"https:\/\/canoe-kayak-lavernede.com\/en\/wp-json\/wp\/v2\/media?parent=2696"}],"wp:term":[{"taxonomy":"category","embeddable":true,"href":"https:\/\/canoe-kayak-lavernede.com\/en\/wp-json\/wp\/v2\/categories?post=2696"},{"taxonomy":"post_tag","embeddable":true,"href":"https:\/\/canoe-kayak-lavernede.com\/en\/wp-json\/wp\/v2\/tags?post=2696"}],"curies":[{"name":"wp","href":"https:\/\/api.w.org\/{rel}","templated":true}]}}