{"id":5701,"date":"2023-02-01T09:19:31","date_gmt":"2023-02-01T08:19:31","guid":{"rendered":"https:\/\/www.canoe-kayak-lavernede.com\/?p=5701"},"modified":"2023-12-14T10:19:52","modified_gmt":"2023-12-14T09:19:52","slug":"canoe-en-ardeche-faut-il-etre-sportif","status":"publish","type":"post","link":"https:\/\/canoe-kayak-lavernede.com\/de\/canoe-en-ardeche-faut-il-etre-sportif\/","title":{"rendered":"Cano\u00e9 en Ard\u00e8che, faut-il \u00eatre sportif"},"content":{"rendered":"<p>[vc_row][vc_column][vc_column_text]<\/p>\n<h1 style=\"text-align: center;\"><span class=\"titre_1\">Cano\u00e9 en Ard\u00e8che, faut-il \u00eatre sportif ?\u00a0<\/span><\/h1>\n<p>[\/vc_column_text][vc_single_image image=&#8220;5705&#8243; img_size=&#8220;medium&#8220; alignment=&#8220;center&#8220; onclick=&#8220;link_image&#8220;][vc_column_text]Lorsqu\u2019on est novice des sports aquatiques, la pratique du cano\u00e9 peut intimider les vacanciers de passage dans la belle Ard\u00e8che ! Il est commun de voir cette activit\u00e9 comme r\u00e9serv\u00e9e aux habitu\u00e9s \u00e0 l\u2019effort physique et \u00e0 la pratique sportive dans des milieux naturels p\u00e9rilleux. Et pourtant ! Le cano\u00eb-kayak, s\u2019il demande quelques pr\u00e9cautions de base avant de se jeter \u00e0 l\u2019eau, est une activit\u00e9 accessible \u00e0 tous les niveaux ! Loisir outdoor par excellence pour d\u00e9couvrir la beaut\u00e9 sauvage de l\u2019Ard\u00e8che, il peut se pratiquer aussi bien en famille, en solo ou avec un groupe d\u2019amis. Gr\u00e2ce aux nombreux parcours propos\u00e9s par La Vern\u00e8de, les cano\u00e9istes aguerris comme les d\u00e9butants trouveront leur bonheur pour d\u00e9couvrir les paysages somptueux des gorges de l\u2019Ard\u00e8che.[\/vc_column_text][vc_empty_space height=&#8220;42px&#8220;][\/vc_column][\/vc_row][vc_row][vc_column width=&#8220;2\/3&#8243;][vc_column_text]<\/p>\n<h2><span class=\"titre_2\">Qui peut faire du cano\u00eb en Ard\u00e8che ?<\/span><\/h2>\n<p>[\/vc_column_text][vc_column_text]Le cano\u00e9 peut \u00eatre pratiqu\u00e9 par tous et par tous, mais certains crit\u00e8res doivent tout de m\u00eame \u00eatre remplis pour r\u00e9pondre positivement \u00e0 toutes les r\u00e9glementations. Pour commencer, le plus important : savoir nager ! Plus pr\u00e9cis\u00e9ment savoir nager 25 m\u00e8tres et d\u2019\u00eatre capable de s\u2019immerger totalement dans l\u2019eau. Il faudra aussi avoir plus de 7 ans (les plus petits devront attendre sagement leur bapt\u00eame de l\u2019eau), et \u00eatre en bonne condition physique. Pas d\u2019inqui\u00e9tudes \u00e0 avoir dans tous les cas, les \u00e9quipes de <a href=\"https:\/\/canoe-kayak-lavernede.com\/\">la Vern\u00e8de<\/a> sont l\u00e0 pour vous fournir des gilets de sauvage et pour vous donner toutes les instructions n\u00e9cessaires pour vous garantir une descente en toute s\u00e9r\u00e9nit\u00e9.[\/vc_column_text][\/vc_column][vc_column width=&#8220;1\/3&#8243;][vc_single_image image=&#8220;1747&#8243; alignment=&#8220;center&#8220;][vc_raw_html]JTNDJTIxLS0lMjBUcnVzdEJveCUyMHdpZGdldCUyMC0lMjBNaW5pJTIwLS0lM0UlMEElM0NkaXYlMjBjbGFzcyUzRCUyMnRydXN0cGlsb3Qtd2lkZ2V0JTIyJTIwZGF0YS1sb2NhbGUlM0QlMjJmci1GUiUyMiUyMGRhdGEtdGVtcGxhdGUtaWQlM0QlMjI1M2FhODgwN2RlYzdlMTBkMzhmNTlmMzIlMjIlMjBkYXRhLWJ1c2luZXNzdW5pdC1pZCUzRCUyMjU2YjYwOWI4MDAwMGZmMDAwNTg4OTM4NSUyMiUyMGRhdGEtc3R5bGUtaGVpZ2h0JTNEJTIyMTUwcHglMjIlMjBkYXRhLXN0eWxlLXdpZHRoJTNEJTIyMTAwJTI1JTIyJTIwZGF0YS10aGVtZSUzRCUyMmxpZ2h0JTIyJTNFJTBBJTIwJTIwJTNDYSUyMGhyZWYlM0QlMjJodHRwcyUzQSUyRiUyRmZyLnRydXN0cGlsb3QuY29tJTJGcmV2aWV3JTJGY2Fub2Uta2F5YWstbGF2ZXJuZWRlLmNvbSUyMiUyMHRhcmdldCUzRCUyMl9ibGFuayUyMiUyMHJlbCUzRCUyMm5vb3BlbmVyJTIyJTNFVHJ1c3RwaWxvdCUzQyUyRmElM0UlMEElM0MlMkZkaXYlM0UlMEElM0MlMjEtLSUyMEVuZCUyMFRydXN0Qm94JTIwd2lkZ2V0JTIwLS0lM0U=[\/vc_raw_html][\/vc_column][\/vc_row][vc_row][vc_column][vc_btn title=&#8220;D\u00e9couvrez les parcours&#8220; style=&#8220;3d&#8220; color=&#8220;juicy-pink&#8220; align=&#8220;center&#8220; link=&#8220;url:https%3A%2F%2Fwww.canoe-kayak-lavernede.com%2Fdescente-gorges-ardeche%2F|title:Descentes&#8220;][vc_empty_space height=&#8220;42px&#8220;][\/vc_column][\/vc_row][vc_row][vc_column width=&#8220;2\/3&#8243;][vc_column_text]<\/p>\n<h2><span class=\"titre_2\">Quelques conseils pour une descente en cano\u00eb-kayak r\u00e9ussie<\/span><\/h2>\n<p>[\/vc_column_text][vc_column_text]Afin de s\u2019assurer que votre descente de l\u2019Ard\u00e8che se passe dans les meilleures conditions, nous vous offrons quelques conseils qui vous seront bien utiles pour l\u2019anticiper au mieux. Tout d\u2019abord, en tant que novice de la pagaie, il sera judicieux de se tourner vers les descentes les plus courtes, telles que celle de 8km ou de 12km. Ces deux parcours vous font voguer sur des eaux tranquilles avant de passer sous le l\u00e9gendaire Pont d\u2019Arc. Pour une dose d\u2019aventure, quelques petites rapides ponctueront votre randonn\u00e9e aquatique. Lors de cette premi\u00e8re exp\u00e9rience en cano\u00e9 : pas de pression ! Prenez tout votre temps pour vous habituer \u00e0 votre embarcation et apprendre \u00e0 la diriger. Bien que la descente ai une dur\u00e9e d\u00e9termin\u00e9e, vous \u00eates tout \u00e0 fait libre de vous arr\u00eater autant de fois que vous le souhaitez sur l\u2019une des plages sur votre chemin pour pique-niquer, vous baigner ou bronzer ! N\u2019oubliez pas d\u2019emmener le n\u00e9cessaire : chapeau, lunettes de soleil, cr\u00e8me solaire, une collation, de l\u2019eau, un maillot de bain et une serviette de bain ![\/vc_column_text][vc_btn title=&#8220;D\u00e9couvrez nos tarifs&#8220; color=&#8220;juicy-pink&#8220; align=&#8220;center&#8220; link=&#8220;url:https%3A%2F%2Fwww.canoe-kayak-lavernede.com%2Ftarifs%2F|title:Tarifs&#8220;][vc_empty_space height=&#8220;42px&#8220;][vc_column_text]<\/p>\n<h2><span class=\"titre_2\">Les parcours de cano\u00e9 en Ard\u00e8che les plus adapt\u00e9s aux d\u00e9butants<\/span><\/h2>\n<p>[\/vc_column_text][vc_column_text]La Vern\u00e8de, service de location de cano\u00e9 en Ard\u00e8che, propose des descentes pour les vacanciers en qu\u00eate d\u2019une activit\u00e9 ludique qui saura les \u00e9merveiller, le temps d\u2019une journ\u00e9e sur la rivi\u00e8re Ard\u00e8che. Les petits comme les grands enfants trouveront satisfaction avec nos descentes sur une journ\u00e9e. La descente de 8 km sera id\u00e9ale pour une matin\u00e9e ou une apr\u00e8s-midi \u00e0 r\u00eavasser sur la plage du Pont d\u2019Arc et \u00e0 d\u00e9couvrir les joies du cano\u00e9, quand celle de 12 km vous garantit des fous rires \u00e0 n\u2019en plus finir avec 4 toboggans \u00e0 cano\u00e9 \u00e0 traverser ! Enfin, les amoureux de la faune et de la flore pourront se tourner vers la descente des gorges de l\u2019Ard\u00e8che de 24 km. Un peu plus sportive mais tout \u00e0 fait faisable pour les aventuriers en herbe, elle vous propulsera pendant 5h de pagaie au c\u0153ur de la r\u00e9serve naturelle.<\/p>\n<p>D\u00e9couvrez l\u2019ensemble de <a href=\"https:\/\/canoe-kayak-lavernede.com\/descente-gorges-ardeche\/\">nos descentes en cano\u00eb-kayak !<\/a>[\/vc_column_text][\/vc_column][vc_column width=&#8220;1\/3&#8243;][vc_single_image image=&#8220;5713&#8243; img_size=&#8220;medium&#8220; alignment=&#8220;center&#8220;][\/vc_column][\/vc_row]<\/p>\n","protected":false},"excerpt":{"rendered":"<p>Qui a dit que pour organiser une descente en cano\u00e9 il fallait \u00eatre un sportif m\u00e9daill\u00e9 olympique ? A chaque profil sa descente, La Vern\u00e8de vous conseille !<\/p>\n","protected":false},"author":5,"featured_media":5705,"comment_status":"closed","ping_status":"closed","sticky":false,"template":"","format":"standard","meta":{"footnotes":""},"categories":[7],"tags":[],"class_list":{"0":"post-5701","1":"post","2":"type-post","3":"status-publish","4":"format-standard","5":"has-post-thumbnail","7":"category-actualites"},"yoast_head":"<!-- This site is optimized with the Yoast SEO plugin v24.3 - https:\/\/yoast.com\/wordpress\/plugins\/seo\/ -->\n<title>Cano\u00e9 en Ard\u00e8che, faut-il \u00eatre sportif - LA VERNEDE<\/title>\n<meta name=\"description\" content=\"Envie de faire la descente de l&#039;Ard\u00e8che ? Mais vous vous demandez quels parcours sont les plus faciles ? Les plus sportifs ? D\u00e9couvrez nos conseils !\" \/>\n<meta name=\"robots\" content=\"index, follow, max-snippet:-1, max-image-preview:large, max-video-preview:-1\" \/>\n<link rel=\"canonical\" href=\"https:\/\/canoe-kayak-lavernede.com\/canoe-en-ardeche-faut-il-etre-sportif\/\" \/>\n<meta property=\"og:locale\" content=\"de_DE\" \/>\n<meta property=\"og:type\" content=\"article\" \/>\n<meta property=\"og:title\" content=\"Cano\u00e9 en Ard\u00e8che, faut-il \u00eatre sportif - LA VERNEDE\" \/>\n<meta property=\"og:description\" content=\"Envie de faire la descente de l&#039;Ard\u00e8che ? Mais vous vous demandez quels parcours sont les plus faciles ? Les plus sportifs ? D\u00e9couvrez nos conseils !\" \/>\n<meta property=\"og:url\" content=\"https:\/\/canoe-kayak-lavernede.com\/canoe-en-ardeche-faut-il-etre-sportif\/\" \/>\n<meta property=\"og:site_name\" content=\"LA VERNEDE\" \/>\n<meta property=\"article:published_time\" content=\"2023-02-01T08:19:31+00:00\" \/>\n<meta property=\"article:modified_time\" content=\"2023-12-14T09:19:52+00:00\" \/>\n<meta property=\"og:image\" content=\"https:\/\/canoe-kayak-lavernede.com\/wp-content\/uploads\/2023\/02\/descente-canoe-sport-lavernede.jpg\" \/>\n\t<meta property=\"og:image:width\" content=\"1280\" \/>\n\t<meta property=\"og:image:height\" content=\"960\" \/>\n\t<meta property=\"og:image:type\" content=\"image\/jpeg\" \/>\n<meta name=\"author\" content=\"Philippe\" \/>\n<meta name=\"twitter:card\" content=\"summary_large_image\" \/>\n<meta name=\"twitter:label1\" content=\"Verfasst von\" \/>\n\t<meta name=\"twitter:data1\" content=\"Philippe\" \/>\n\t<meta name=\"twitter:label2\" content=\"Gesch\u00e4tzte Lesezeit\" \/>\n\t<meta name=\"twitter:data2\" content=\"4\u00a0Minuten\" \/>\n<script type=\"application\/ld+json\" class=\"yoast-schema-graph\">{\"@context\":\"https:\/\/schema.org\",\"@graph\":[{\"@type\":\"WebPage\",\"@id\":\"https:\/\/canoe-kayak-lavernede.com\/canoe-en-ardeche-faut-il-etre-sportif\/\",\"url\":\"https:\/\/canoe-kayak-lavernede.com\/canoe-en-ardeche-faut-il-etre-sportif\/\",\"name\":\"Cano\u00e9 en Ard\u00e8che, faut-il \u00eatre sportif - LA VERNEDE\",\"isPartOf\":{\"@id\":\"https:\/\/canoe-kayak-lavernede.com\/#website\"},\"primaryImageOfPage\":{\"@id\":\"https:\/\/canoe-kayak-lavernede.com\/canoe-en-ardeche-faut-il-etre-sportif\/#primaryimage\"},\"image\":{\"@id\":\"https:\/\/canoe-kayak-lavernede.com\/canoe-en-ardeche-faut-il-etre-sportif\/#primaryimage\"},\"thumbnailUrl\":\"https:\/\/canoe-kayak-lavernede.com\/wp-content\/uploads\/2023\/02\/descente-canoe-sport-lavernede.jpg\",\"datePublished\":\"2023-02-01T08:19:31+00:00\",\"dateModified\":\"2023-12-14T09:19:52+00:00\",\"author\":{\"@id\":\"https:\/\/canoe-kayak-lavernede.com\/#\/schema\/person\/95f779cb7c6f0a87be097d3307df82e9\"},\"description\":\"Envie de faire la descente de l'Ard\u00e8che ? Mais vous vous demandez quels parcours sont les plus faciles ? Les plus sportifs ? D\u00e9couvrez nos conseils !\",\"breadcrumb\":{\"@id\":\"https:\/\/canoe-kayak-lavernede.com\/canoe-en-ardeche-faut-il-etre-sportif\/#breadcrumb\"},\"inLanguage\":\"de\",\"potentialAction\":[{\"@type\":\"ReadAction\",\"target\":[\"https:\/\/canoe-kayak-lavernede.com\/canoe-en-ardeche-faut-il-etre-sportif\/\"]}]},{\"@type\":\"ImageObject\",\"inLanguage\":\"de\",\"@id\":\"https:\/\/canoe-kayak-lavernede.com\/canoe-en-ardeche-faut-il-etre-sportif\/#primaryimage\",\"url\":\"https:\/\/canoe-kayak-lavernede.com\/wp-content\/uploads\/2023\/02\/descente-canoe-sport-lavernede.jpg\",\"contentUrl\":\"https:\/\/canoe-kayak-lavernede.com\/wp-content\/uploads\/2023\/02\/descente-canoe-sport-lavernede.jpg\",\"width\":1280,\"height\":960},{\"@type\":\"BreadcrumbList\",\"@id\":\"https:\/\/canoe-kayak-lavernede.com\/canoe-en-ardeche-faut-il-etre-sportif\/#breadcrumb\",\"itemListElement\":[{\"@type\":\"ListItem\",\"position\":1,\"name\":\"Accueil\",\"item\":\"https:\/\/canoe-kayak-lavernede.com\/de\/\"},{\"@type\":\"ListItem\",\"position\":2,\"name\":\"Actualites\",\"item\":\"https:\/\/canoe-kayak-lavernede.com\/actualites\/\"},{\"@type\":\"ListItem\",\"position\":3,\"name\":\"Cano\u00e9 en Ard\u00e8che, faut-il \u00eatre sportif\"}]},{\"@type\":\"WebSite\",\"@id\":\"https:\/\/canoe-kayak-lavernede.com\/#website\",\"url\":\"https:\/\/canoe-kayak-lavernede.com\/\",\"name\":\"LA VERNEDE\",\"description\":\"\",\"potentialAction\":[{\"@type\":\"SearchAction\",\"target\":{\"@type\":\"EntryPoint\",\"urlTemplate\":\"https:\/\/canoe-kayak-lavernede.com\/?s={search_term_string}\"},\"query-input\":{\"@type\":\"PropertyValueSpecification\",\"valueRequired\":true,\"valueName\":\"search_term_string\"}}],\"inLanguage\":\"de\"},{\"@type\":\"Person\",\"@id\":\"https:\/\/canoe-kayak-lavernede.com\/#\/schema\/person\/95f779cb7c6f0a87be097d3307df82e9\",\"name\":\"Philippe\"}]}<\/script>\n<!-- \/ Yoast SEO plugin. -->","yoast_head_json":{"title":"Cano\u00e9 en Ard\u00e8che, faut-il \u00eatre sportif - LA VERNEDE","description":"Envie de faire la descente de l'Ard\u00e8che ? Mais vous vous demandez quels parcours sont les plus faciles ? Les plus sportifs ? D\u00e9couvrez nos conseils !","robots":{"index":"index","follow":"follow","max-snippet":"max-snippet:-1","max-image-preview":"max-image-preview:large","max-video-preview":"max-video-preview:-1"},"canonical":"https:\/\/canoe-kayak-lavernede.com\/canoe-en-ardeche-faut-il-etre-sportif\/","og_locale":"de_DE","og_type":"article","og_title":"Cano\u00e9 en Ard\u00e8che, faut-il \u00eatre sportif - LA VERNEDE","og_description":"Envie de faire la descente de l'Ard\u00e8che ? Mais vous vous demandez quels parcours sont les plus faciles ? Les plus sportifs ? D\u00e9couvrez nos conseils !","og_url":"https:\/\/canoe-kayak-lavernede.com\/canoe-en-ardeche-faut-il-etre-sportif\/","og_site_name":"LA VERNEDE","article_published_time":"2023-02-01T08:19:31+00:00","article_modified_time":"2023-12-14T09:19:52+00:00","og_image":[{"width":1280,"height":960,"url":"https:\/\/canoe-kayak-lavernede.com\/wp-content\/uploads\/2023\/02\/descente-canoe-sport-lavernede.jpg","type":"image\/jpeg"}],"author":"Philippe","twitter_card":"summary_large_image","twitter_misc":{"Verfasst von":"Philippe","Gesch\u00e4tzte Lesezeit":"4\u00a0Minuten"},"schema":{"@context":"https:\/\/schema.org","@graph":[{"@type":"WebPage","@id":"https:\/\/canoe-kayak-lavernede.com\/canoe-en-ardeche-faut-il-etre-sportif\/","url":"https:\/\/canoe-kayak-lavernede.com\/canoe-en-ardeche-faut-il-etre-sportif\/","name":"Cano\u00e9 en Ard\u00e8che, faut-il \u00eatre sportif - LA VERNEDE","isPartOf":{"@id":"https:\/\/canoe-kayak-lavernede.com\/#website"},"primaryImageOfPage":{"@id":"https:\/\/canoe-kayak-lavernede.com\/canoe-en-ardeche-faut-il-etre-sportif\/#primaryimage"},"image":{"@id":"https:\/\/canoe-kayak-lavernede.com\/canoe-en-ardeche-faut-il-etre-sportif\/#primaryimage"},"thumbnailUrl":"https:\/\/canoe-kayak-lavernede.com\/wp-content\/uploads\/2023\/02\/descente-canoe-sport-lavernede.jpg","datePublished":"2023-02-01T08:19:31+00:00","dateModified":"2023-12-14T09:19:52+00:00","author":{"@id":"https:\/\/canoe-kayak-lavernede.com\/#\/schema\/person\/95f779cb7c6f0a87be097d3307df82e9"},"description":"Envie de faire la descente de l'Ard\u00e8che ? Mais vous vous demandez quels parcours sont les plus faciles ? Les plus sportifs ? D\u00e9couvrez nos conseils !","breadcrumb":{"@id":"https:\/\/canoe-kayak-lavernede.com\/canoe-en-ardeche-faut-il-etre-sportif\/#breadcrumb"},"inLanguage":"de","potentialAction":[{"@type":"ReadAction","target":["https:\/\/canoe-kayak-lavernede.com\/canoe-en-ardeche-faut-il-etre-sportif\/"]}]},{"@type":"ImageObject","inLanguage":"de","@id":"https:\/\/canoe-kayak-lavernede.com\/canoe-en-ardeche-faut-il-etre-sportif\/#primaryimage","url":"https:\/\/canoe-kayak-lavernede.com\/wp-content\/uploads\/2023\/02\/descente-canoe-sport-lavernede.jpg","contentUrl":"https:\/\/canoe-kayak-lavernede.com\/wp-content\/uploads\/2023\/02\/descente-canoe-sport-lavernede.jpg","width":1280,"height":960},{"@type":"BreadcrumbList","@id":"https:\/\/canoe-kayak-lavernede.com\/canoe-en-ardeche-faut-il-etre-sportif\/#breadcrumb","itemListElement":[{"@type":"ListItem","position":1,"name":"Accueil","item":"https:\/\/canoe-kayak-lavernede.com\/de\/"},{"@type":"ListItem","position":2,"name":"Actualites","item":"https:\/\/canoe-kayak-lavernede.com\/actualites\/"},{"@type":"ListItem","position":3,"name":"Cano\u00e9 en Ard\u00e8che, faut-il \u00eatre sportif"}]},{"@type":"WebSite","@id":"https:\/\/canoe-kayak-lavernede.com\/#website","url":"https:\/\/canoe-kayak-lavernede.com\/","name":"LA VERNEDE","description":"","potentialAction":[{"@type":"SearchAction","target":{"@type":"EntryPoint","urlTemplate":"https:\/\/canoe-kayak-lavernede.com\/?s={search_term_string}"},"query-input":{"@type":"PropertyValueSpecification","valueRequired":true,"valueName":"search_term_string"}}],"inLanguage":"de"},{"@type":"Person","@id":"https:\/\/canoe-kayak-lavernede.com\/#\/schema\/person\/95f779cb7c6f0a87be097d3307df82e9","name":"Philippe"}]}},"_links":{"self":[{"href":"https:\/\/canoe-kayak-lavernede.com\/de\/wp-json\/wp\/v2\/posts\/5701"}],"collection":[{"href":"https:\/\/canoe-kayak-lavernede.com\/de\/wp-json\/wp\/v2\/posts"}],"about":[{"href":"https:\/\/canoe-kayak-lavernede.com\/de\/wp-json\/wp\/v2\/types\/post"}],"author":[{"embeddable":true,"href":"https:\/\/canoe-kayak-lavernede.com\/de\/wp-json\/wp\/v2\/users\/5"}],"replies":[{"embeddable":true,"href":"https:\/\/canoe-kayak-lavernede.com\/de\/wp-json\/wp\/v2\/comments?post=5701"}],"version-history":[{"count":3,"href":"https:\/\/canoe-kayak-lavernede.com\/de\/wp-json\/wp\/v2\/posts\/5701\/revisions"}],"predecessor-version":[{"id":5722,"href":"https:\/\/canoe-kayak-lavernede.com\/de\/wp-json\/wp\/v2\/posts\/5701\/revisions\/5722"}],"wp:featuredmedia":[{"embeddable":true,"href":"https:\/\/canoe-kayak-lavernede.com\/de\/wp-json\/wp\/v2\/media\/5705"}],"wp:attachment":[{"href":"https:\/\/canoe-kayak-lavernede.com\/de\/wp-json\/wp\/v2\/media?parent=5701"}],"wp:term":[{"taxonomy":"category","embeddable":true,"href":"https:\/\/canoe-kayak-lavernede.com\/de\/wp-json\/wp\/v2\/categories?post=5701"},{"taxonomy":"post_tag","embeddable":true,"href":"https:\/\/canoe-kayak-lavernede.com\/de\/wp-json\/wp\/v2\/tags?post=5701"}],"curies":[{"name":"wp","href":"https:\/\/api.w.org\/{rel}","templated":true}]}}