{"id":523,"date":"2020-06-30T13:24:02","date_gmt":"2020-06-30T11:24:02","guid":{"rendered":"http:\/\/wordpress-prod.suite-logique.fr\/?p=523"},"modified":"2021-07-24T15:49:10","modified_gmt":"2021-07-24T13:49:10","slug":"la-grotte-saint-marcel","status":"publish","type":"post","link":"https:\/\/canoe-kayak-lavernede.com\/de\/la-grotte-saint-marcel\/","title":{"rendered":"la Grotte Saint-Marcel"},"content":{"rendered":"<p>[vc_row full_width=&#8220;stretch_row&#8220; el_id=&#8220;breadcrumb&#8220;][vc_column][vc_column_text]<span><span><a href=\"https:\/\/canoe-kayak-lavernede.com\/de\/\">Accueil<\/a><\/span><\/span><\/p>\n<p>[\/vc_column_text][\/vc_column][\/vc_row][vc_row el_id=&#8220;titre_actu&#8220;][vc_column][vc_column_text]<\/p>\n<h1 style=\"text-align: center;\"><span class=\"titre_1 titre_logo\">la Grotte Saint-Marcel<\/span><\/h1>\n<p>[\/vc_column_text][vc_column_text]<\/p>\n<p style=\"text-align: center;\">L\u2019ampleur de ses galeries et la richesse de ses concr\u00e9tions ne pourront que vous s\u00e9duire !<br \/>\nLa grotte de Saint-Marcel est une grotte class\u00e9e depuis 1934 pour ses sp\u00e9l\u00e9oth\u00e8mes et ses gisements pr\u00e9historiques. Elle est situ\u00e9e \u00e0 Bidon, en Ard\u00e8che,<br \/>\n\u00e0 la limite avec le Gard<\/p>\n<p>[\/vc_column_text][vc_single_image image=&#8220;1887&#8243; img_size=&#8220;full&#8220; alignment=&#8220;center&#8220; el_class=&#8220;img_vague_blanc&#8220;][\/vc_column][\/vc_row][vc_row][vc_column][vc_column_text]<\/p>\n<p style=\"text-align: center;\"><span class=\"hashtag_small\"><span class=\"txt_rouge\">#<\/span>d\u00e9couvrez l\u2019Ard\u00e8che autrement !<\/span><\/p>\n<h2 style=\"text-align: center;\"><span class=\"titre_2\">la sp\u00e9l\u00e9o, pour d\u00e9couvrir les profondeurs de l\u2019Ard\u00e8che<\/span><\/h2>\n<p>[\/vc_column_text][vc_column_text css_animation=&#8220;none&#8220; el_class=&#8220;col2&#8243;]Le monde souterrain est formidable de beaut\u00e9s, particuli\u00e8rement dans les nombreuses Grottes Ard\u00e8choises<\/p>\n<p>La grotte de St Martin vous invite a d\u00e9couvrir dans un environnement frais (13\u00b0 toute l&#8217;ann\u00e9e), les merveilles g\u00e9ologiques cach\u00e9s. <span class=\"contenu_descriptif\">Magnifi\u00e9es par 2 spectacles son et lumi\u00e8re, la salle de la Cath\u00e9drale d\u00e9voilera ses immenses concr\u00e9tions et la Cascade de Gours vous \u00e9merveillera avec son enfilade de plus de cent bassins de calcite, en eau !<\/span><\/p>\n<p>Compte pas moins d&#8217;une heure de visite et 416 marches pour visiter cette magnifique grotte.<\/p>\n<p><strong><span style=\"text-decoration: underline;\">Plus d&#8217;informations ici :<\/span><\/strong><\/p>\n<p><a href=\"https:\/\/www.grotte-ardeche.com\/\">https:\/\/www.grotte-ardeche.com\/<\/a>[\/vc_column_text][\/vc_column][\/vc_row][vc_row el_class=&#8220;padTB_2&#8243;][vc_column width=&#8220;1\/3&#8243;][vc_single_image image=&#8220;806&#8243; img_size=&#8220;full&#8220; alignment=&#8220;center&#8220; el_class=&#8220;img_vague_blanc&#8220;][\/vc_column][vc_column width=&#8220;1\/3&#8243;][vc_single_image image=&#8220;796&#8243; img_size=&#8220;full&#8220; alignment=&#8220;center&#8220; el_class=&#8220;img_vague_blanc&#8220;][\/vc_column][vc_column width=&#8220;1\/3&#8243;][vc_single_image image=&#8220;798&#8243; img_size=&#8220;full&#8220; alignment=&#8220;center&#8220; el_class=&#8220;img_vague_blanc&#8220;][\/vc_column][\/vc_row][vc_row][vc_column][vc_single_image image=&#8220;854&#8243; img_size=&#8220;full&#8220; alignment=&#8220;center&#8220; el_class=&#8220;img_45&#8243;][vc_column_text]<\/p>\n<h2 style=\"text-align: center;\"><span class=\"titre_2\">r\u00e9servez ici votre activit\u00e9 sp\u00e9l\u00e9o<\/span><\/h2>\n<p>[\/vc_column_text][vc_column_text]<a href=\"https:\/\/canoe-kayak-lavernede.com\/\"><span style=\"text-decoration: underline;\"><strong>La Vernede<\/strong><\/span><\/a>, en collaboration avec le Bureau des guides sp\u00e9l\u00e9o de Vallon pont d&#8217;Arc, vous propose de d\u00e9couvrir les profondeurs naturellement magnifique du sud Ard\u00e8che.<br \/>\nAccompagn\u00e9 par un moniteur professionnel et passionn\u00e9, nous vous fournirons tout le mat\u00e9riel n\u00e9cessaire \u00e0 la pratique de cette activit\u00e9.<\/p>\n<p><a href=\"https:\/\/canoe-kayak-lavernede.com\/contact\/\"><span style=\"text-decoration: underline;\"><em><strong>Plus d&#8217;informations via notre formulaire de contact<\/strong><\/em><\/span><\/a>[\/vc_column_text][\/vc_column][\/vc_row][vc_row][vc_column]<div class=\"templatera_shortcode btn_center\"><div class=\"vc_row wpb_row vc_row-fluid\"><div class=\"wpb_column vc_column_container vc_col-sm-12\"><div class=\"vc_column-inner\"><div class=\"wpb_wrapper\"><div class='  btn_plein_rouge'><a class='lien_btn smoothScroll' href='\/nos-descentes\/' ><span>Voir les offres<\/span><\/a><\/div><\/div><\/div><\/div><\/div><\/div>[\/vc_column][\/vc_row]<\/p>\n","protected":false},"excerpt":{"rendered":"<p>L\u2019ampleur de ses galeries et la richesse de ses concr\u00e9tions ne pourront que vous s\u00e9duire !<\/p>\n","protected":false},"author":5,"featured_media":867,"comment_status":"closed","ping_status":"closed","sticky":false,"template":"","format":"standard","meta":{"footnotes":""},"categories":[7],"tags":[],"class_list":{"0":"post-523","1":"post","2":"type-post","3":"status-publish","4":"format-standard","5":"has-post-thumbnail","7":"category-actualites"},"yoast_head":"<!-- This site is optimized with the Yoast SEO plugin v24.3 - https:\/\/yoast.com\/wordpress\/plugins\/seo\/ -->\n<title>la Grotte Saint-Marcel - LA VERNEDE<\/title>\n<meta name=\"robots\" content=\"index, follow, max-snippet:-1, max-image-preview:large, max-video-preview:-1\" \/>\n<link rel=\"canonical\" href=\"https:\/\/canoe-kayak-lavernede.com\/la-grotte-saint-marcel\/\" \/>\n<meta property=\"og:locale\" content=\"de_DE\" \/>\n<meta property=\"og:type\" content=\"article\" \/>\n<meta property=\"og:title\" content=\"la Grotte Saint-Marcel - LA VERNEDE\" \/>\n<meta property=\"og:description\" content=\"L\u2019ampleur de ses galeries et la richesse de ses concr\u00e9tions ne pourront que vous s\u00e9duire !\" \/>\n<meta property=\"og:url\" content=\"https:\/\/canoe-kayak-lavernede.com\/la-grotte-saint-marcel\/\" \/>\n<meta property=\"og:site_name\" content=\"LA VERNEDE\" \/>\n<meta property=\"article:published_time\" content=\"2020-06-30T11:24:02+00:00\" \/>\n<meta property=\"article:modified_time\" content=\"2021-07-24T13:49:10+00:00\" \/>\n<meta property=\"og:image\" content=\"https:\/\/canoe-kayak-lavernede.com\/wp-content\/uploads\/2020\/06\/Actu3.jpg\" \/>\n\t<meta property=\"og:image:width\" content=\"780\" \/>\n\t<meta property=\"og:image:height\" content=\"780\" \/>\n\t<meta property=\"og:image:type\" content=\"image\/jpeg\" \/>\n<meta name=\"author\" content=\"Philippe\" \/>\n<meta name=\"twitter:card\" content=\"summary_large_image\" \/>\n<meta name=\"twitter:label1\" content=\"Verfasst von\" \/>\n\t<meta name=\"twitter:data1\" content=\"Philippe\" \/>\n\t<meta name=\"twitter:label2\" content=\"Gesch\u00e4tzte Lesezeit\" \/>\n\t<meta name=\"twitter:data2\" content=\"2\u00a0Minuten\" \/>\n<script type=\"application\/ld+json\" class=\"yoast-schema-graph\">{\"@context\":\"https:\/\/schema.org\",\"@graph\":[{\"@type\":\"WebPage\",\"@id\":\"https:\/\/canoe-kayak-lavernede.com\/la-grotte-saint-marcel\/\",\"url\":\"https:\/\/canoe-kayak-lavernede.com\/la-grotte-saint-marcel\/\",\"name\":\"la Grotte Saint-Marcel - LA VERNEDE\",\"isPartOf\":{\"@id\":\"https:\/\/canoe-kayak-lavernede.com\/#website\"},\"primaryImageOfPage\":{\"@id\":\"https:\/\/canoe-kayak-lavernede.com\/la-grotte-saint-marcel\/#primaryimage\"},\"image\":{\"@id\":\"https:\/\/canoe-kayak-lavernede.com\/la-grotte-saint-marcel\/#primaryimage\"},\"thumbnailUrl\":\"https:\/\/canoe-kayak-lavernede.com\/wp-content\/uploads\/2020\/06\/Actu3.jpg\",\"datePublished\":\"2020-06-30T11:24:02+00:00\",\"dateModified\":\"2021-07-24T13:49:10+00:00\",\"author\":{\"@id\":\"https:\/\/canoe-kayak-lavernede.com\/#\/schema\/person\/95f779cb7c6f0a87be097d3307df82e9\"},\"breadcrumb\":{\"@id\":\"https:\/\/canoe-kayak-lavernede.com\/la-grotte-saint-marcel\/#breadcrumb\"},\"inLanguage\":\"de\",\"potentialAction\":[{\"@type\":\"ReadAction\",\"target\":[\"https:\/\/canoe-kayak-lavernede.com\/la-grotte-saint-marcel\/\"]}]},{\"@type\":\"ImageObject\",\"inLanguage\":\"de\",\"@id\":\"https:\/\/canoe-kayak-lavernede.com\/la-grotte-saint-marcel\/#primaryimage\",\"url\":\"https:\/\/canoe-kayak-lavernede.com\/wp-content\/uploads\/2020\/06\/Actu3.jpg\",\"contentUrl\":\"https:\/\/canoe-kayak-lavernede.com\/wp-content\/uploads\/2020\/06\/Actu3.jpg\",\"width\":780,\"height\":780},{\"@type\":\"BreadcrumbList\",\"@id\":\"https:\/\/canoe-kayak-lavernede.com\/la-grotte-saint-marcel\/#breadcrumb\",\"itemListElement\":[{\"@type\":\"ListItem\",\"position\":1,\"name\":\"Accueil\",\"item\":\"https:\/\/canoe-kayak-lavernede.com\/de\/\"},{\"@type\":\"ListItem\",\"position\":2,\"name\":\"Actualites\",\"item\":\"https:\/\/canoe-kayak-lavernede.com\/actualites\/\"},{\"@type\":\"ListItem\",\"position\":3,\"name\":\"la Grotte Saint-Marcel\"}]},{\"@type\":\"WebSite\",\"@id\":\"https:\/\/canoe-kayak-lavernede.com\/#website\",\"url\":\"https:\/\/canoe-kayak-lavernede.com\/\",\"name\":\"LA VERNEDE\",\"description\":\"\",\"potentialAction\":[{\"@type\":\"SearchAction\",\"target\":{\"@type\":\"EntryPoint\",\"urlTemplate\":\"https:\/\/canoe-kayak-lavernede.com\/?s={search_term_string}\"},\"query-input\":{\"@type\":\"PropertyValueSpecification\",\"valueRequired\":true,\"valueName\":\"search_term_string\"}}],\"inLanguage\":\"de\"},{\"@type\":\"Person\",\"@id\":\"https:\/\/canoe-kayak-lavernede.com\/#\/schema\/person\/95f779cb7c6f0a87be097d3307df82e9\",\"name\":\"Philippe\"}]}<\/script>\n<!-- \/ Yoast SEO plugin. -->","yoast_head_json":{"title":"la Grotte Saint-Marcel - LA VERNEDE","robots":{"index":"index","follow":"follow","max-snippet":"max-snippet:-1","max-image-preview":"max-image-preview:large","max-video-preview":"max-video-preview:-1"},"canonical":"https:\/\/canoe-kayak-lavernede.com\/la-grotte-saint-marcel\/","og_locale":"de_DE","og_type":"article","og_title":"la Grotte Saint-Marcel - LA VERNEDE","og_description":"L\u2019ampleur de ses galeries et la richesse de ses concr\u00e9tions ne pourront que vous s\u00e9duire !","og_url":"https:\/\/canoe-kayak-lavernede.com\/la-grotte-saint-marcel\/","og_site_name":"LA VERNEDE","article_published_time":"2020-06-30T11:24:02+00:00","article_modified_time":"2021-07-24T13:49:10+00:00","og_image":[{"width":780,"height":780,"url":"https:\/\/canoe-kayak-lavernede.com\/wp-content\/uploads\/2020\/06\/Actu3.jpg","type":"image\/jpeg"}],"author":"Philippe","twitter_card":"summary_large_image","twitter_misc":{"Verfasst von":"Philippe","Gesch\u00e4tzte Lesezeit":"2\u00a0Minuten"},"schema":{"@context":"https:\/\/schema.org","@graph":[{"@type":"WebPage","@id":"https:\/\/canoe-kayak-lavernede.com\/la-grotte-saint-marcel\/","url":"https:\/\/canoe-kayak-lavernede.com\/la-grotte-saint-marcel\/","name":"la Grotte Saint-Marcel - LA VERNEDE","isPartOf":{"@id":"https:\/\/canoe-kayak-lavernede.com\/#website"},"primaryImageOfPage":{"@id":"https:\/\/canoe-kayak-lavernede.com\/la-grotte-saint-marcel\/#primaryimage"},"image":{"@id":"https:\/\/canoe-kayak-lavernede.com\/la-grotte-saint-marcel\/#primaryimage"},"thumbnailUrl":"https:\/\/canoe-kayak-lavernede.com\/wp-content\/uploads\/2020\/06\/Actu3.jpg","datePublished":"2020-06-30T11:24:02+00:00","dateModified":"2021-07-24T13:49:10+00:00","author":{"@id":"https:\/\/canoe-kayak-lavernede.com\/#\/schema\/person\/95f779cb7c6f0a87be097d3307df82e9"},"breadcrumb":{"@id":"https:\/\/canoe-kayak-lavernede.com\/la-grotte-saint-marcel\/#breadcrumb"},"inLanguage":"de","potentialAction":[{"@type":"ReadAction","target":["https:\/\/canoe-kayak-lavernede.com\/la-grotte-saint-marcel\/"]}]},{"@type":"ImageObject","inLanguage":"de","@id":"https:\/\/canoe-kayak-lavernede.com\/la-grotte-saint-marcel\/#primaryimage","url":"https:\/\/canoe-kayak-lavernede.com\/wp-content\/uploads\/2020\/06\/Actu3.jpg","contentUrl":"https:\/\/canoe-kayak-lavernede.com\/wp-content\/uploads\/2020\/06\/Actu3.jpg","width":780,"height":780},{"@type":"BreadcrumbList","@id":"https:\/\/canoe-kayak-lavernede.com\/la-grotte-saint-marcel\/#breadcrumb","itemListElement":[{"@type":"ListItem","position":1,"name":"Accueil","item":"https:\/\/canoe-kayak-lavernede.com\/de\/"},{"@type":"ListItem","position":2,"name":"Actualites","item":"https:\/\/canoe-kayak-lavernede.com\/actualites\/"},{"@type":"ListItem","position":3,"name":"la Grotte Saint-Marcel"}]},{"@type":"WebSite","@id":"https:\/\/canoe-kayak-lavernede.com\/#website","url":"https:\/\/canoe-kayak-lavernede.com\/","name":"LA VERNEDE","description":"","potentialAction":[{"@type":"SearchAction","target":{"@type":"EntryPoint","urlTemplate":"https:\/\/canoe-kayak-lavernede.com\/?s={search_term_string}"},"query-input":{"@type":"PropertyValueSpecification","valueRequired":true,"valueName":"search_term_string"}}],"inLanguage":"de"},{"@type":"Person","@id":"https:\/\/canoe-kayak-lavernede.com\/#\/schema\/person\/95f779cb7c6f0a87be097d3307df82e9","name":"Philippe"}]}},"_links":{"self":[{"href":"https:\/\/canoe-kayak-lavernede.com\/de\/wp-json\/wp\/v2\/posts\/523"}],"collection":[{"href":"https:\/\/canoe-kayak-lavernede.com\/de\/wp-json\/wp\/v2\/posts"}],"about":[{"href":"https:\/\/canoe-kayak-lavernede.com\/de\/wp-json\/wp\/v2\/types\/post"}],"author":[{"embeddable":true,"href":"https:\/\/canoe-kayak-lavernede.com\/de\/wp-json\/wp\/v2\/users\/5"}],"replies":[{"embeddable":true,"href":"https:\/\/canoe-kayak-lavernede.com\/de\/wp-json\/wp\/v2\/comments?post=523"}],"version-history":[{"count":4,"href":"https:\/\/canoe-kayak-lavernede.com\/de\/wp-json\/wp\/v2\/posts\/523\/revisions"}],"predecessor-version":[{"id":2186,"href":"https:\/\/canoe-kayak-lavernede.com\/de\/wp-json\/wp\/v2\/posts\/523\/revisions\/2186"}],"wp:featuredmedia":[{"embeddable":true,"href":"https:\/\/canoe-kayak-lavernede.com\/de\/wp-json\/wp\/v2\/media\/867"}],"wp:attachment":[{"href":"https:\/\/canoe-kayak-lavernede.com\/de\/wp-json\/wp\/v2\/media?parent=523"}],"wp:term":[{"taxonomy":"category","embeddable":true,"href":"https:\/\/canoe-kayak-lavernede.com\/de\/wp-json\/wp\/v2\/categories?post=523"},{"taxonomy":"post_tag","embeddable":true,"href":"https:\/\/canoe-kayak-lavernede.com\/de\/wp-json\/wp\/v2\/tags?post=523"}],"curies":[{"name":"wp","href":"https:\/\/api.w.org\/{rel}","templated":true}]}}