{"id":1861,"date":"2021-05-03T15:01:47","date_gmt":"2021-05-03T13:01:47","guid":{"rendered":"https:\/\/www.canoe-kayak-lavernede.com\/?p=1861"},"modified":"2021-12-09T09:55:48","modified_gmt":"2021-12-09T08:55:48","slug":"nos_engagements_covid-19","status":"publish","type":"post","link":"https:\/\/canoe-kayak-lavernede.com\/de\/nos_engagements_covid-19\/","title":{"rendered":"Nos engagements COVID-19"},"content":{"rendered":"<p>[vc_row full_width=&#8220;stretch_row&#8220; el_id=&#8220;breadcrumb&#8220;][vc_column][vc_column_text]<span><span><a href=\"https:\/\/canoe-kayak-lavernede.com\/de\/\">Accueil<\/a><\/span><\/span><\/p>\n<p>[\/vc_column_text][\/vc_column][\/vc_row][vc_row el_id=&#8220;titre_actu&#8220;][vc_column][vc_column_text]<\/p>\n<h1 style=\"text-align: center;\"><span class=\"titre_1 titre_logo\">Nos engagements COVID-19<\/span><\/h1>\n<p>[\/vc_column_text][vc_single_image image=&#8220;1862&#8243; img_size=&#8220;full&#8220; alignment=&#8220;center&#8220; el_class=&#8220;img_vague_blanc&#8220;][\/vc_column][\/vc_row][vc_row][vc_column][vc_column_text]<\/p>\n<p style=\"text-align: center;\"><span class=\"hashtag_small\"><strong><a href=\"https:\/\/canoe-kayak-lavernede.com\/\">LA VERNEDE<\/a> <\/strong>s\u2019engage \u00e0 l&#8217;application stricte des consignes sanitaires en vigueur afin d&#8217;assurer une s\u00e9curit\u00e9 maximum \u00e0 tous.<\/span><\/p>\n<p style=\"text-align: center;\"><span class=\"titre_2\">Voici nos engagements pour vous :<\/span><\/p>\n<p>[\/vc_column_text][vc_single_image image=&#8220;1874&#8243; img_size=&#8220;800&#215;800&#8243; alignment=&#8220;center&#8220;][\/vc_column][\/vc_row][vc_row][vc_column][vc_single_image image=&#8220;826&#8243; img_size=&#8220;full&#8220; alignment=&#8220;center&#8220; el_class=&#8220;img_45&#8243;][vc_column_text]<\/p>\n<h2 style=\"text-align: center;\"><span class=\"titre_2\">R\u00e9servez en toute s\u00e9r\u00e9nit\u00e9<br \/>\n<\/span><\/h2>\n<p>[\/vc_column_text][vc_column_text]<strong>Pas d&#8217;inqui\u00e9tude, en cas d&#8217;annulation ou d\u2019impossibilit\u00e9 d&#8217;effectuer votre activit\u00e9. <a href=\"https:\/\/canoe-kayak-lavernede.com\/\">LA VERNEDE<\/a> vous propose de d\u00e9caler \u00e0 une nouvelle date ou vous rembourse \u00e0 100%* !<\/strong><\/p>\n<p>&nbsp;<\/p>\n<p><span style=\"font-size: 10pt;\"><em>*Des frais sont retenu pour les payements Paypal<\/em><\/span>[\/vc_column_text][\/vc_column][\/vc_row][vc_row][vc_column]<div class=\"templatera_shortcode btn_center\"><div class=\"vc_row wpb_row vc_row-fluid\"><div class=\"wpb_column vc_column_container vc_col-sm-12\"><div class=\"vc_column-inner\"><div class=\"wpb_wrapper\"><div class='  btn_plein_rouge'><a class='lien_btn smoothScroll' href='\/nos-descentes\/' ><span>Voir les offres<\/span><\/a><\/div><\/div><\/div><\/div><\/div><\/div>[\/vc_column][\/vc_row]<\/p>\n","protected":false},"excerpt":{"rendered":"<p>La Vernede met tout en \u0153uvre pour vous garantir des conditions sanitaires optimales !<\/p>\n","protected":false},"author":5,"featured_media":2952,"comment_status":"closed","ping_status":"closed","sticky":false,"template":"","format":"standard","meta":{"footnotes":""},"categories":[7],"tags":[],"class_list":{"0":"post-1861","1":"post","2":"type-post","3":"status-publish","4":"format-standard","5":"has-post-thumbnail","7":"category-actualites"},"yoast_head":"<!-- This site is optimized with the Yoast SEO plugin v24.3 - https:\/\/yoast.com\/wordpress\/plugins\/seo\/ -->\n<title>Nos engagements COVID-19 - LA VERNEDE<\/title>\n<meta name=\"description\" content=\"Bien que le pass sanitaire ne soit pas obligatoire pour la location de cano\u00ebs, la Vernede vous garantis des conditions sanitaires optimales !\" \/>\n<meta name=\"robots\" content=\"index, follow, max-snippet:-1, max-image-preview:large, max-video-preview:-1\" \/>\n<link rel=\"canonical\" href=\"https:\/\/canoe-kayak-lavernede.com\/nos_engagements_covid-19\/\" \/>\n<meta property=\"og:locale\" content=\"de_DE\" \/>\n<meta property=\"og:type\" content=\"article\" \/>\n<meta property=\"og:title\" content=\"Nos engagements COVID-19 - LA VERNEDE\" \/>\n<meta property=\"og:description\" content=\"Bien que le pass sanitaire ne soit pas obligatoire pour la location de cano\u00ebs, la Vernede vous garantis des conditions sanitaires optimales !\" \/>\n<meta property=\"og:url\" content=\"https:\/\/canoe-kayak-lavernede.com\/nos_engagements_covid-19\/\" \/>\n<meta property=\"og:site_name\" content=\"LA VERNEDE\" \/>\n<meta property=\"article:published_time\" content=\"2021-05-03T13:01:47+00:00\" \/>\n<meta property=\"article:modified_time\" content=\"2021-12-09T08:55:48+00:00\" \/>\n<meta property=\"og:image\" content=\"https:\/\/canoe-kayak-lavernede.com\/wp-content\/uploads\/2021\/05\/Image-blog-covid-380x380@2x.png\" \/>\n\t<meta property=\"og:image:width\" content=\"760\" \/>\n\t<meta property=\"og:image:height\" content=\"760\" \/>\n\t<meta property=\"og:image:type\" content=\"image\/png\" \/>\n<meta name=\"author\" content=\"Philippe\" \/>\n<meta name=\"twitter:card\" content=\"summary_large_image\" \/>\n<meta name=\"twitter:label1\" content=\"Verfasst von\" \/>\n\t<meta name=\"twitter:data1\" content=\"Philippe\" \/>\n\t<meta name=\"twitter:label2\" content=\"Gesch\u00e4tzte Lesezeit\" \/>\n\t<meta name=\"twitter:data2\" content=\"1\u00a0Minute\" \/>\n<script type=\"application\/ld+json\" class=\"yoast-schema-graph\">{\"@context\":\"https:\/\/schema.org\",\"@graph\":[{\"@type\":\"WebPage\",\"@id\":\"https:\/\/canoe-kayak-lavernede.com\/nos_engagements_covid-19\/\",\"url\":\"https:\/\/canoe-kayak-lavernede.com\/nos_engagements_covid-19\/\",\"name\":\"Nos engagements COVID-19 - LA VERNEDE\",\"isPartOf\":{\"@id\":\"https:\/\/canoe-kayak-lavernede.com\/#website\"},\"primaryImageOfPage\":{\"@id\":\"https:\/\/canoe-kayak-lavernede.com\/nos_engagements_covid-19\/#primaryimage\"},\"image\":{\"@id\":\"https:\/\/canoe-kayak-lavernede.com\/nos_engagements_covid-19\/#primaryimage\"},\"thumbnailUrl\":\"https:\/\/canoe-kayak-lavernede.com\/wp-content\/uploads\/2021\/05\/Image-blog-covid-380x380@2x.png\",\"datePublished\":\"2021-05-03T13:01:47+00:00\",\"dateModified\":\"2021-12-09T08:55:48+00:00\",\"author\":{\"@id\":\"https:\/\/canoe-kayak-lavernede.com\/#\/schema\/person\/95f779cb7c6f0a87be097d3307df82e9\"},\"description\":\"Bien que le pass sanitaire ne soit pas obligatoire pour la location de cano\u00ebs, la Vernede vous garantis des conditions sanitaires optimales !\",\"breadcrumb\":{\"@id\":\"https:\/\/canoe-kayak-lavernede.com\/nos_engagements_covid-19\/#breadcrumb\"},\"inLanguage\":\"de\",\"potentialAction\":[{\"@type\":\"ReadAction\",\"target\":[\"https:\/\/canoe-kayak-lavernede.com\/nos_engagements_covid-19\/\"]}]},{\"@type\":\"ImageObject\",\"inLanguage\":\"de\",\"@id\":\"https:\/\/canoe-kayak-lavernede.com\/nos_engagements_covid-19\/#primaryimage\",\"url\":\"https:\/\/canoe-kayak-lavernede.com\/wp-content\/uploads\/2021\/05\/Image-blog-covid-380x380@2x.png\",\"contentUrl\":\"https:\/\/canoe-kayak-lavernede.com\/wp-content\/uploads\/2021\/05\/Image-blog-covid-380x380@2x.png\",\"width\":760,\"height\":760},{\"@type\":\"BreadcrumbList\",\"@id\":\"https:\/\/canoe-kayak-lavernede.com\/nos_engagements_covid-19\/#breadcrumb\",\"itemListElement\":[{\"@type\":\"ListItem\",\"position\":1,\"name\":\"Accueil\",\"item\":\"https:\/\/canoe-kayak-lavernede.com\/de\/\"},{\"@type\":\"ListItem\",\"position\":2,\"name\":\"Actualites\",\"item\":\"https:\/\/canoe-kayak-lavernede.com\/actualites\/\"},{\"@type\":\"ListItem\",\"position\":3,\"name\":\"Nos engagements COVID-19\"}]},{\"@type\":\"WebSite\",\"@id\":\"https:\/\/canoe-kayak-lavernede.com\/#website\",\"url\":\"https:\/\/canoe-kayak-lavernede.com\/\",\"name\":\"LA VERNEDE\",\"description\":\"\",\"potentialAction\":[{\"@type\":\"SearchAction\",\"target\":{\"@type\":\"EntryPoint\",\"urlTemplate\":\"https:\/\/canoe-kayak-lavernede.com\/?s={search_term_string}\"},\"query-input\":{\"@type\":\"PropertyValueSpecification\",\"valueRequired\":true,\"valueName\":\"search_term_string\"}}],\"inLanguage\":\"de\"},{\"@type\":\"Person\",\"@id\":\"https:\/\/canoe-kayak-lavernede.com\/#\/schema\/person\/95f779cb7c6f0a87be097d3307df82e9\",\"name\":\"Philippe\"}]}<\/script>\n<!-- \/ Yoast SEO plugin. -->","yoast_head_json":{"title":"Nos engagements COVID-19 - LA VERNEDE","description":"Bien que le pass sanitaire ne soit pas obligatoire pour la location de cano\u00ebs, la Vernede vous garantis des conditions sanitaires optimales !","robots":{"index":"index","follow":"follow","max-snippet":"max-snippet:-1","max-image-preview":"max-image-preview:large","max-video-preview":"max-video-preview:-1"},"canonical":"https:\/\/canoe-kayak-lavernede.com\/nos_engagements_covid-19\/","og_locale":"de_DE","og_type":"article","og_title":"Nos engagements COVID-19 - LA VERNEDE","og_description":"Bien que le pass sanitaire ne soit pas obligatoire pour la location de cano\u00ebs, la Vernede vous garantis des conditions sanitaires optimales !","og_url":"https:\/\/canoe-kayak-lavernede.com\/nos_engagements_covid-19\/","og_site_name":"LA VERNEDE","article_published_time":"2021-05-03T13:01:47+00:00","article_modified_time":"2021-12-09T08:55:48+00:00","og_image":[{"width":760,"height":760,"url":"https:\/\/canoe-kayak-lavernede.com\/wp-content\/uploads\/2021\/05\/Image-blog-covid-380x380@2x.png","type":"image\/png"}],"author":"Philippe","twitter_card":"summary_large_image","twitter_misc":{"Verfasst von":"Philippe","Gesch\u00e4tzte Lesezeit":"1\u00a0Minute"},"schema":{"@context":"https:\/\/schema.org","@graph":[{"@type":"WebPage","@id":"https:\/\/canoe-kayak-lavernede.com\/nos_engagements_covid-19\/","url":"https:\/\/canoe-kayak-lavernede.com\/nos_engagements_covid-19\/","name":"Nos engagements COVID-19 - LA VERNEDE","isPartOf":{"@id":"https:\/\/canoe-kayak-lavernede.com\/#website"},"primaryImageOfPage":{"@id":"https:\/\/canoe-kayak-lavernede.com\/nos_engagements_covid-19\/#primaryimage"},"image":{"@id":"https:\/\/canoe-kayak-lavernede.com\/nos_engagements_covid-19\/#primaryimage"},"thumbnailUrl":"https:\/\/canoe-kayak-lavernede.com\/wp-content\/uploads\/2021\/05\/Image-blog-covid-380x380@2x.png","datePublished":"2021-05-03T13:01:47+00:00","dateModified":"2021-12-09T08:55:48+00:00","author":{"@id":"https:\/\/canoe-kayak-lavernede.com\/#\/schema\/person\/95f779cb7c6f0a87be097d3307df82e9"},"description":"Bien que le pass sanitaire ne soit pas obligatoire pour la location de cano\u00ebs, la Vernede vous garantis des conditions sanitaires optimales !","breadcrumb":{"@id":"https:\/\/canoe-kayak-lavernede.com\/nos_engagements_covid-19\/#breadcrumb"},"inLanguage":"de","potentialAction":[{"@type":"ReadAction","target":["https:\/\/canoe-kayak-lavernede.com\/nos_engagements_covid-19\/"]}]},{"@type":"ImageObject","inLanguage":"de","@id":"https:\/\/canoe-kayak-lavernede.com\/nos_engagements_covid-19\/#primaryimage","url":"https:\/\/canoe-kayak-lavernede.com\/wp-content\/uploads\/2021\/05\/Image-blog-covid-380x380@2x.png","contentUrl":"https:\/\/canoe-kayak-lavernede.com\/wp-content\/uploads\/2021\/05\/Image-blog-covid-380x380@2x.png","width":760,"height":760},{"@type":"BreadcrumbList","@id":"https:\/\/canoe-kayak-lavernede.com\/nos_engagements_covid-19\/#breadcrumb","itemListElement":[{"@type":"ListItem","position":1,"name":"Accueil","item":"https:\/\/canoe-kayak-lavernede.com\/de\/"},{"@type":"ListItem","position":2,"name":"Actualites","item":"https:\/\/canoe-kayak-lavernede.com\/actualites\/"},{"@type":"ListItem","position":3,"name":"Nos engagements COVID-19"}]},{"@type":"WebSite","@id":"https:\/\/canoe-kayak-lavernede.com\/#website","url":"https:\/\/canoe-kayak-lavernede.com\/","name":"LA VERNEDE","description":"","potentialAction":[{"@type":"SearchAction","target":{"@type":"EntryPoint","urlTemplate":"https:\/\/canoe-kayak-lavernede.com\/?s={search_term_string}"},"query-input":{"@type":"PropertyValueSpecification","valueRequired":true,"valueName":"search_term_string"}}],"inLanguage":"de"},{"@type":"Person","@id":"https:\/\/canoe-kayak-lavernede.com\/#\/schema\/person\/95f779cb7c6f0a87be097d3307df82e9","name":"Philippe"}]}},"_links":{"self":[{"href":"https:\/\/canoe-kayak-lavernede.com\/de\/wp-json\/wp\/v2\/posts\/1861"}],"collection":[{"href":"https:\/\/canoe-kayak-lavernede.com\/de\/wp-json\/wp\/v2\/posts"}],"about":[{"href":"https:\/\/canoe-kayak-lavernede.com\/de\/wp-json\/wp\/v2\/types\/post"}],"author":[{"embeddable":true,"href":"https:\/\/canoe-kayak-lavernede.com\/de\/wp-json\/wp\/v2\/users\/5"}],"replies":[{"embeddable":true,"href":"https:\/\/canoe-kayak-lavernede.com\/de\/wp-json\/wp\/v2\/comments?post=1861"}],"version-history":[{"count":3,"href":"https:\/\/canoe-kayak-lavernede.com\/de\/wp-json\/wp\/v2\/posts\/1861\/revisions"}],"predecessor-version":[{"id":2209,"href":"https:\/\/canoe-kayak-lavernede.com\/de\/wp-json\/wp\/v2\/posts\/1861\/revisions\/2209"}],"wp:featuredmedia":[{"embeddable":true,"href":"https:\/\/canoe-kayak-lavernede.com\/de\/wp-json\/wp\/v2\/media\/2952"}],"wp:attachment":[{"href":"https:\/\/canoe-kayak-lavernede.com\/de\/wp-json\/wp\/v2\/media?parent=1861"}],"wp:term":[{"taxonomy":"category","embeddable":true,"href":"https:\/\/canoe-kayak-lavernede.com\/de\/wp-json\/wp\/v2\/categories?post=1861"},{"taxonomy":"post_tag","embeddable":true,"href":"https:\/\/canoe-kayak-lavernede.com\/de\/wp-json\/wp\/v2\/tags?post=1861"}],"curies":[{"name":"wp","href":"https:\/\/api.w.org\/{rel}","templated":true}]}}